{"id":172526,"date":"2025-12-02T00:55:12","date_gmt":"2025-12-02T00:55:12","guid":{"rendered":"https:\/\/www.europesays.com\/pt\/172526\/"},"modified":"2025-12-02T00:55:12","modified_gmt":"2025-12-02T00:55:12","slug":"sinal-raro-detectado-na-via-lactea-pode-ser-1a-evidencia-de-materia-escura","status":"publish","type":"post","link":"https:\/\/www.europesays.com\/pt\/172526\/","title":{"rendered":"Sinal raro detectado na Via L\u00e1ctea pode ser 1\u00aa evid\u00eancia de mat\u00e9ria escura"},"content":{"rendered":"\n<p>  Um sinal incomum detectado no centro da Via L\u00e1ctea pode ser a primeira evid\u00eancia direta da mat\u00e9ria escura, segundo estudo da Universidade de T\u00f3quio.    <\/p>\n<p> NASA, ESA, Z. Levay and R. van der Marel (STScI), T. Hallas, and A. Mellinger     <\/p>\n<p>  A mat\u00e9ria escura \u00e9 invis\u00edvel porque n\u00e3o interage com luz, sendo detectada apenas por seus efeitos gravitacionais.    <\/p>\n<p> Tomonori Totani, Universidade de T\u00f3quio)     <\/p>\n<p>  Estima-se que ela represente 85% da mat\u00e9ria do Universo, superando a mat\u00e9ria comum na propor\u00e7\u00e3o de cinco para um.    <\/p>\n<p> Divulga\u00e7\u00e3o \/ ESA \/ Euclid \/ Cons\u00f3rcio Euclid \/ Nasa     <\/p>\n<p>  Raios gama de alta energia, com 20 gigael\u00e9tron-volts, formam um halo no centro gal\u00e1ctico, onde a mat\u00e9ria escura seria mais abundante.    <\/p>\n<p> Divulga\u00e7\u00e3o\/ESA\/Webb\/NASA &amp; CSA\/G. Gozaliasl\/A. Koekemoer\/M. Franco\/COSMOS-Web     <\/p>\n<p>  O padr\u00e3o observado coincide com o formato previsto para halos de mat\u00e9ria escura no centro da Via L\u00e1ctea.    <\/p>\n<p> Divulga\u00e7\u00e3o\/Simula\u00e7\u00e3o Aquarius, Virgo Consortium\/Dr. Mark Lovell via Royal Astronomical Society     <\/p>\n<p>  A emiss\u00e3o tamb\u00e9m corresponde \u00e0s teorias sobre destrui\u00e7\u00e3o de part\u00edculas WIMPs, fortes candidatas a compor a mat\u00e9ria escura.    <\/p>\n<p> AFP PHOTO \/ NSF-DOE Vera C. Rubin Observatory     <\/p>\n<p>  Segundo o estudo, outros fen\u00f4menos conhecidos n\u00e3o explicam o excesso de raios gama observado.    <\/p>\n<p> Tomonori Totani, Universidade de T\u00f3quio)     <\/p>\n<p>  Se confirmado, o achado indicaria a exist\u00eancia de uma nova part\u00edcula fora do modelo padr\u00e3o da f\u00edsica.    <\/p>\n<p>  ESA\/Euclid\/Euclid Consortium\/NASA, image processing by J.-C. Cuillandre (CEA Paris-Saclay), G. Anselmi     <\/p>\n<p>  Os resultados ainda precisam de an\u00e1lises adicionais e mais dados, e o estudo foi aceito no Journal of Cosmology and Astroparticle Physics.    <\/p>\n<p> ESA\/Hubble &amp; NASA, RELICS     <\/p>\n<p>  Para saber mais, acesse Tilt.    <\/p>\n<p> Tomonori Totani, Universidade de T\u00f3quio)     <\/p>\n","protected":false},"excerpt":{"rendered":"Um sinal incomum detectado no centro da Via L\u00e1ctea pode ser a primeira evid\u00eancia direta da mat\u00e9ria escura,&hellip;\n","protected":false},"author":2,"featured_media":172527,"comment_status":"","ping_status":"","sticky":false,"template":"","format":"standard","meta":{"footnotes":""},"categories":[84],"tags":[109,107,108,32,33,105,103,104,106,110],"class_list":{"0":"post-172526","1":"post","2":"type-post","3":"status-publish","4":"format-standard","5":"has-post-thumbnail","7":"category-ciencia-e-tecnologia","8":"tag-ciencia","9":"tag-ciencia-e-tecnologia","10":"tag-cienciaetecnologia","11":"tag-portugal","12":"tag-pt","13":"tag-science","14":"tag-science-and-technology","15":"tag-scienceandtechnology","16":"tag-technology","17":"tag-tecnologia"},"share_on_mastodon":{"url":"https:\/\/pubeurope.com\/@pt\/115647251908826903","error":""},"_links":{"self":[{"href":"https:\/\/www.europesays.com\/pt\/wp-json\/wp\/v2\/posts\/172526","targetHints":{"allow":["GET"]}}],"collection":[{"href":"https:\/\/www.europesays.com\/pt\/wp-json\/wp\/v2\/posts"}],"about":[{"href":"https:\/\/www.europesays.com\/pt\/wp-json\/wp\/v2\/types\/post"}],"author":[{"embeddable":true,"href":"https:\/\/www.europesays.com\/pt\/wp-json\/wp\/v2\/users\/2"}],"replies":[{"embeddable":true,"href":"https:\/\/www.europesays.com\/pt\/wp-json\/wp\/v2\/comments?post=172526"}],"version-history":[{"count":0,"href":"https:\/\/www.europesays.com\/pt\/wp-json\/wp\/v2\/posts\/172526\/revisions"}],"wp:featuredmedia":[{"embeddable":true,"href":"https:\/\/www.europesays.com\/pt\/wp-json\/wp\/v2\/media\/172527"}],"wp:attachment":[{"href":"https:\/\/www.europesays.com\/pt\/wp-json\/wp\/v2\/media?parent=172526"}],"wp:term":[{"taxonomy":"category","embeddable":true,"href":"https:\/\/www.europesays.com\/pt\/wp-json\/wp\/v2\/categories?post=172526"},{"taxonomy":"post_tag","embeddable":true,"href":"https:\/\/www.europesays.com\/pt\/wp-json\/wp\/v2\/tags?post=172526"}],"curies":[{"name":"wp","href":"https:\/\/api.w.org\/{rel}","templated":true}]}}