{"id":172528,"date":"2025-12-02T00:57:11","date_gmt":"2025-12-02T00:57:11","guid":{"rendered":"https:\/\/www.europesays.com\/pt\/172528\/"},"modified":"2025-12-02T00:57:11","modified_gmt":"2025-12-02T00:57:11","slug":"comandante-de-milicia-linchado-por-populares-em-cabo-delgado-observador","status":"publish","type":"post","link":"https:\/\/www.europesays.com\/pt\/172528\/","title":{"rendered":"Comandante de mil\u00edcia linchado por populares em Cabo Delgado \u2013 Observador"},"content":{"rendered":"<p>Um grupo de populares invadiu uma esquadra da pol\u00edcia para retirar e linchar um comandante da For\u00e7a Local, uma esp\u00e9cie de mil\u00edcia, na prov\u00edncia de Cabo Delgado, norte de Mo\u00e7ambique, disse esta segunda-feira a porta-voz da pol\u00edcia local.<\/p>\n<p>Segundo a pol\u00edcia, o comandante da For\u00e7a Local de Ancuabe, distrito de Cabo Delgado, junto com outros cidad\u00e3os, teria matado tr\u00eas homens e se apoderado de tr\u00eas motorizadas, em outubro \u00faltimo.<\/p>\n<p>\u201cEste que foi v\u00edtima de linchamento teria, posteriormente, atribu\u00eddo a motorizada de um desses tr\u00eas jovens que ter\u00e3o desaparecido em outubro ao seu genro com objetivo de que este pudesse fazer trabalho de t\u00e1xi-mota\u201d, disse Eug\u00e9nia Nhamusa, porta-voz da pol\u00edcia em Cabo Delgado, acrescentando que a motorizada foi reconhecida por populares no dia 25 de novembro a circular, sendo que o propriet\u00e1rio j\u00e1 era dado como desaparecido.<\/p>\n<p>De acordo com a pol\u00edcia, populares questionaram o homem encontrado a conduzir a motorizada, ao que este respondeu pertencer ao seu sogro, no caso o comandante da \u201cFor\u00e7a Local\u201d, sendo que este acabou detido num posto policial.<\/p>\n<p>\u201cMas esta informa\u00e7\u00e3o acabou sendo do dom\u00ednio da comunidade ao que estes, furiosos, acabaram invadindo o nosso posto policial e, com recurso \u00e0 for\u00e7a, tiram-nos este cidad\u00e3o que se encontrava em nossa posse, agrediram-no fisicamente e acabaram por linch\u00e1-lo\u201d, levando \u00e0 sua morte, refere a pol\u00edcia.<\/p>\n<p>Em junho \u00faltimo, o Presidente mo\u00e7ambicano, Daniel Chapo, defendeu que o apoio \u00e0 For\u00e7a Local \u00e9 uma \u201cgrande prioridade\u201d, reconhecendo o contributo do grupo que, juntamente com as for\u00e7as armadas, combate a insurg\u00eancia na prov\u00edncia de Cabo Delgado.<\/p>\n<p>\u201cO apoio \u00e0s for\u00e7as locais continua a ser a nossa grande prioridade. O nosso comandante John Issa j\u00e1 nos comunicou das grandes preocupa\u00e7\u00f5es que a nossa for\u00e7a local tem, j\u00e1 regist\u00e1mos e n\u00f3s, imediatamente, vamos responder e resolver as vossas preocupa\u00e7\u00f5es\u201d, disse Daniel Chapo.<\/p>\n<p>A designada For\u00e7a Local \u00e9 composta sobretudo por antigos guerrilheiros da Frente de Liberta\u00e7\u00e3o de Mo\u00e7ambique (Frelimo), que liderou a guerra contra o regime colonial portugu\u00eas (1964-1974), e que voluntariamente voltaram a pegar em armas para combater os grupos rebeldes que t\u00eam protagonizado ataques no norte do pa\u00eds, na prov\u00edncia de Cabo Delgado desde outubro de 2017.<\/p>\n<p>A For\u00e7a Local tem sido um aliado importante nas opera\u00e7\u00f5es para travar a insurg\u00eancia armada no norte de Mo\u00e7ambique, com a vantagem de ser integrada por antigos guerrilheiros locais e que conhecem a geografia da regi\u00e3o. A prov\u00edncia de Cabo Delgado, no norte de Mo\u00e7ambique, rica em g\u00e1s, \u00e9 alvo de ataques extremistas h\u00e1 oito anos, com o primeiro ataque registado em 5 de outubro de 2017, no distrito de Moc\u00edmboa da Praia.<\/p>\n","protected":false},"excerpt":{"rendered":"Um grupo de populares invadiu uma esquadra da pol\u00edcia para retirar e linchar um comandante da For\u00e7a Local,&hellip;\n","protected":false},"author":2,"featured_media":172529,"comment_status":"","ping_status":"","sticky":false,"template":"","format":"standard","meta":{"footnotes":""},"categories":[50],"tags":[27,28,15,16,14,25,26,21,22,5825,62,12,13,19,20,23,24,17,18,1064,29,30,31,63,64,65],"class_list":{"0":"post-172528","1":"post","2":"type-post","3":"status-publish","4":"format-standard","5":"has-post-thumbnail","7":"category-mundo","8":"tag-breaking-news","9":"tag-breakingnews","10":"tag-featured-news","11":"tag-featurednews","12":"tag-headlines","13":"tag-latest-news","14":"tag-latestnews","15":"tag-main-news","16":"tag-mainnews","17":"tag-mou00e7ambique","18":"tag-mundo","19":"tag-news","20":"tag-noticias","21":"tag-noticias-principais","22":"tag-noticiasprincipais","23":"tag-principais-noticias","24":"tag-principaisnoticias","25":"tag-top-stories","26":"tag-topstories","27":"tag-u00c1frica","28":"tag-ultimas","29":"tag-ultimas-noticias","30":"tag-ultimasnoticias","31":"tag-world","32":"tag-world-news","33":"tag-worldnews"},"share_on_mastodon":{"url":"https:\/\/pubeurope.com\/@pt\/115647259978658837","error":""},"_links":{"self":[{"href":"https:\/\/www.europesays.com\/pt\/wp-json\/wp\/v2\/posts\/172528","targetHints":{"allow":["GET"]}}],"collection":[{"href":"https:\/\/www.europesays.com\/pt\/wp-json\/wp\/v2\/posts"}],"about":[{"href":"https:\/\/www.europesays.com\/pt\/wp-json\/wp\/v2\/types\/post"}],"author":[{"embeddable":true,"href":"https:\/\/www.europesays.com\/pt\/wp-json\/wp\/v2\/users\/2"}],"replies":[{"embeddable":true,"href":"https:\/\/www.europesays.com\/pt\/wp-json\/wp\/v2\/comments?post=172528"}],"version-history":[{"count":0,"href":"https:\/\/www.europesays.com\/pt\/wp-json\/wp\/v2\/posts\/172528\/revisions"}],"wp:featuredmedia":[{"embeddable":true,"href":"https:\/\/www.europesays.com\/pt\/wp-json\/wp\/v2\/media\/172529"}],"wp:attachment":[{"href":"https:\/\/www.europesays.com\/pt\/wp-json\/wp\/v2\/media?parent=172528"}],"wp:term":[{"taxonomy":"category","embeddable":true,"href":"https:\/\/www.europesays.com\/pt\/wp-json\/wp\/v2\/categories?post=172528"},{"taxonomy":"post_tag","embeddable":true,"href":"https:\/\/www.europesays.com\/pt\/wp-json\/wp\/v2\/tags?post=172528"}],"curies":[{"name":"wp","href":"https:\/\/api.w.org\/{rel}","templated":true}]}}