{"id":172532,"date":"2025-12-02T00:59:29","date_gmt":"2025-12-02T00:59:29","guid":{"rendered":"https:\/\/www.europesays.com\/pt\/172532\/"},"modified":"2025-12-02T00:59:29","modified_gmt":"2025-12-02T00:59:29","slug":"queda-de-28-na-recolha-de-alimentos-em-campanha-do-banco-alimentar","status":"publish","type":"post","link":"https:\/\/www.europesays.com\/pt\/172532\/","title":{"rendered":"Queda de 2,8% na recolha de alimentos em campanha do Banco Alimentar"},"content":{"rendered":"<p>O Banco Alimentar sublinhou num comunicado que, &#8220;no dia-a-dia, ainda h\u00e1 pessoas que precisam de ajuda para comer, principalmente numa altura como o Natal&#8221;<\/p>\n<p>&#8220;Ter a fam\u00edlia reunida \u00e0 volta de uma mesa \u00e9 um desejo que podemos, cada um de n\u00f3s, ajudar a concretizar&#8221;, acrescentou a institui\u00e7\u00e3o.<\/p>\n<p>Os dados revelam uma diminui\u00e7\u00e3o em compara\u00e7\u00e3o com a campanha hom\u00f3loga de 2024, que angariou mais de 2.213 toneladas de alimentos, de acordo com dados divulgados pelo Banco Alimentar em dezembro do ano passado.<\/p>\n<p>Ainda assim, a presidente da Federa\u00e7\u00e3o Portuguesa dos Bancos Alimentares contra a Fome, Isabel Jonet, citada no comunicado, n\u00e3o deixou de elogiar a &#8220;sempre presente natureza solid\u00e1ria dos portugueses&#8221;.<\/p>\n<p>&#8220;N\u00e3o podemos deixar de sublinhar o papel dos volunt\u00e1rios, pessoas de todas as idades, com convic\u00e7\u00f5es pol\u00edticas e religiosas diversas que, participando, lado-a-lado, contribuem de forma fraterna e solid\u00e1ria para uma sociedade mais justa e coesa&#8221;, acrescentou Jonet.<\/p>\n<p>A campanha presencial deste fim de semana contou com a participa\u00e7\u00e3o de cerca de 42 mil volunt\u00e1rios em mais de duas mil superf\u00edcies comerciais do pa\u00eds.<\/p>\n<p>&#8220;Temos de agradecer aos milhares de doadores, aos volunt\u00e1rios, \u00e0s empresas e entidades que apoiaram esta campanha, dando assim o seu grande contributo para que os Bancos Alimentares possam continuar a acudir a muitas pessoas necessitadas&#8221;, disse Jonet.<\/p>\n<p>Segundo o Banco Alimentar, os alimentos recolhidos ser\u00e3o distribu\u00eddos a partir da pr\u00f3xima semana por 2.500 Institui\u00e7\u00f5es de Solidariedade Social, que os v\u00e3o entregar &#8220;a cerca de 380 mil pessoas com car\u00eancias alimentares comprovadas, sob a forma de cabazes ou de refei\u00e7\u00f5es confecionadas servidas em lares, apoio ao domicilio, creches, refei\u00e7\u00f5es a pessoas sem abrigo, entre outras&#8221;.<\/p>\n<p>\u00a0Al\u00e9m da campanha presencial deste fim de semana, vai ainda ser poss\u00edvel contribuir, at\u00e9 07 de dezembro, atrav\u00e9s de vales dispon\u00edveis nos supermercados ou na plataforma eletr\u00f3nica dispon\u00edvel em www.alimentestaideia.pt.<\/p>\n<p>Em 2024, os 21 Bancos Alimentares Contra a Fome operacionais em Portugal distribu\u00edram um total de 27,5 milh\u00f5es de quilogramas de alimentos, um movimento m\u00e9dio de 109 toneladas por dia \u00fatil, num valor global estimado superior a 45 milh\u00f5es de euros.<\/p>\n<p>Leia Tamb\u00e9m: <a href=\"https:\/\/www.noticiasaominuto.com\/pais\/2897039\/marcelo-pretende-ser-voluntario-no-banco-alimentar-em-2026-estarei-ca\" target=\"_blank\" rel=\"noopener noreferrer nofollow\">Marcelo pretende ser volunt\u00e1rio no Banco Alimentar em 2026: &#8220;Estarei c\u00e1&#8221;<\/a><\/p>\n","protected":false},"excerpt":{"rendered":"O Banco Alimentar sublinhou num comunicado que, &#8220;no dia-a-dia, ainda h\u00e1 pessoas que precisam de ajuda para comer,&hellip;\n","protected":false},"author":2,"featured_media":172533,"comment_status":"","ping_status":"","sticky":false,"template":"","format":"standard","meta":{"footnotes":""},"categories":[8],"tags":[27,28,15,16,14,25,26,21,22,12,13,19,20,32,23,24,33,17,18,29,30,31],"class_list":{"0":"post-172532","1":"post","2":"type-post","3":"status-publish","4":"format-standard","5":"has-post-thumbnail","7":"category-principais-noticias","8":"tag-breaking-news","9":"tag-breakingnews","10":"tag-featured-news","11":"tag-featurednews","12":"tag-headlines","13":"tag-latest-news","14":"tag-latestnews","15":"tag-main-news","16":"tag-mainnews","17":"tag-news","18":"tag-noticias","19":"tag-noticias-principais","20":"tag-noticiasprincipais","21":"tag-portugal","22":"tag-principais-noticias","23":"tag-principaisnoticias","24":"tag-pt","25":"tag-top-stories","26":"tag-topstories","27":"tag-ultimas","28":"tag-ultimas-noticias","29":"tag-ultimasnoticias"},"share_on_mastodon":{"url":"https:\/\/pubeurope.com\/@pt\/115647267913777274","error":""},"_links":{"self":[{"href":"https:\/\/www.europesays.com\/pt\/wp-json\/wp\/v2\/posts\/172532","targetHints":{"allow":["GET"]}}],"collection":[{"href":"https:\/\/www.europesays.com\/pt\/wp-json\/wp\/v2\/posts"}],"about":[{"href":"https:\/\/www.europesays.com\/pt\/wp-json\/wp\/v2\/types\/post"}],"author":[{"embeddable":true,"href":"https:\/\/www.europesays.com\/pt\/wp-json\/wp\/v2\/users\/2"}],"replies":[{"embeddable":true,"href":"https:\/\/www.europesays.com\/pt\/wp-json\/wp\/v2\/comments?post=172532"}],"version-history":[{"count":0,"href":"https:\/\/www.europesays.com\/pt\/wp-json\/wp\/v2\/posts\/172532\/revisions"}],"wp:featuredmedia":[{"embeddable":true,"href":"https:\/\/www.europesays.com\/pt\/wp-json\/wp\/v2\/media\/172533"}],"wp:attachment":[{"href":"https:\/\/www.europesays.com\/pt\/wp-json\/wp\/v2\/media?parent=172532"}],"wp:term":[{"taxonomy":"category","embeddable":true,"href":"https:\/\/www.europesays.com\/pt\/wp-json\/wp\/v2\/categories?post=172532"},{"taxonomy":"post_tag","embeddable":true,"href":"https:\/\/www.europesays.com\/pt\/wp-json\/wp\/v2\/tags?post=172532"}],"curies":[{"name":"wp","href":"https:\/\/api.w.org\/{rel}","templated":true}]}}