{"id":172536,"date":"2025-12-02T01:03:23","date_gmt":"2025-12-02T01:03:23","guid":{"rendered":"https:\/\/www.europesays.com\/pt\/172536\/"},"modified":"2025-12-02T01:03:23","modified_gmt":"2025-12-02T01:03:23","slug":"o-bichinho-do-futebol-falou-mais-alto-apos-desistir-do-secret-story-bruno-simao-participa-em-torneio-especial-secret-story","status":"publish","type":"post","link":"https:\/\/www.europesays.com\/pt\/172536\/","title":{"rendered":"O &#8216;bichinho&#8217; do futebol falou mais alto! Ap\u00f3s desistir do Secret Story, Bruno Sim\u00e3o participa em torneio especial &#8211; Secret Story"},"content":{"rendered":"<p>Depois de desistir do <strong>Secret Story 9, Bruno <\/strong>voltou \u00e0 sua vida normal&#8230; e o bichinho do futebol falou mais alto! O ex-concorrente participou num torneio solid\u00e1rio de futsal e mostrou tudo aos f\u00e3s nas redes sociais.\u00a0<\/p>\n<p>\u00ab<strong>Hoje estive presente no torneio solid\u00e1rio de recolha e bens alimentares para ajudar a\u00a0<a href=\"https:\/\/www.instagram.com\/associacaosol\/\" role=\"link\" tabindex=\"0\" rel=\"nofollow noopener\" target=\"_blank\">@associacaosol<\/a><\/strong>, uma associa\u00e7\u00e3o que apoia crian\u00e7as e fam\u00edlias infetadas e afetadas com o v\u00edrus VIH\/Sida. Cada gesto ajuda a garantir sa\u00fade, prote\u00e7\u00e3o e um futuro mais justo para estas crian\u00e7as e as suas fam\u00edlias\u00bb,<a href=\"https:\/\/tvi.iol.pt\/secretstory\/ana-cristina\/bruno\/bruno-simao-partilha-imagens-com-marisa-susana-e-e-arrasado-por-ex-concorrente-poupem-me-ao-cinismo\" rel=\"nofollow noopener\" target=\"_blank\"> escreveu Bruno<\/a>, na legenda de uma partilha que fez no Instagram.\u00a0<\/p>\n<p><strong>Pode ver tudo aqui:<\/strong><\/p>\n<blockquote class=\"instagram-media\" data-instgrm-captioned=\"\" data-instgrm-permalink=\"https:\/\/www.instagram.com\/p\/DRpDqfYCAPj\/?utm_source=ig_embed&amp;utm_campaign=loading\" data-instgrm-version=\"14\" style=\" background:#FFF; border:0; border-radius:3px; box-shadow:0 0 1px 0 rgba(0,0,0,0.5),0 1px 10px 0 rgba(0,0,0,0.15); margin: 1px; max-width:540px; min-width:326px; padding:0; width:99.375%; width:-webkit-calc(100% - 2px); width:calc(100% - 2px);\">\n<\/blockquote>\n<p>Bruno Sim\u00e3o partilha imagens com Marisa Susana e \u00e9 arrasado por ex-concorrente: \u00abPoupem-me ao cinismo\u00bb <\/p>\n<p data-end=\"489\" data-start=\"169\">Depois de ter desistido do jogo<a href=\"https:\/\/tvi.iol.pt\/secretstory\/bruno-simao\/futebolista\/bruno-simao-sofre-com-morte-de-futebolista-do-benfica-aos-18-anos-faz-me-falta-todos-os-dias\" rel=\"nofollow noopener\" target=\"_blank\">, <strong>Bruno Sim\u00e3o<\/strong> <\/a>tem mostrado uma aproxima\u00e7\u00e3o inesperada a <strong>Marisa Susana,<\/strong> com quem viveu v\u00e1rios conflitos intensos dentro da \u00abCasa dos Segredos\u00bb. O ex-concorrente partilhou um v\u00eddeo com os \u00abmelhores momentos\u00bb ao lado da antiga rival, tentando mostrar um lado mais leve e divertido da rela\u00e7\u00e3o.<\/p>\n<p data-end=\"721\" data-start=\"491\">Mas <strong>Ana Cristina<\/strong> n\u00e3o deixou a publica\u00e7\u00e3o passar em branco. A ex-concorrente do \u00abSecret Story 9\u00bb reagiu de imediato e foi tudo menos branda: \u00abDiz o Bruno \u201cmomentos divertidos com a Marisa Susana\u201d. Poupem-me ao cinismo\u00bb, escreveu.<\/p>\n<p data-end=\"948\" data-start=\"723\">Sem papas na l\u00edngua, Ana Cristina ainda fez quest\u00e3o de recordar o passado turbulento entre os dois e atirou:<br data-end=\"834\" data-start=\"831\"\/> \u00abEsqueceste-te dos outros momentos\u2026 que lhe quiseste dar com a mala nas trombas por causa de uma fatia de queijo.\u00bb<\/p>\n<p data-end=\"948\" data-start=\"723\">Veja aqui:<\/p>\n<p data-end=\"948\" data-start=\"723\"><img decoding=\"async\" alt=\"\" src=\"https:\/\/www.europesays.com\/pt\/wp-content\/uploads\/2025\/11\/Captura-de-ecra-2025-11-29-145818.png\"\/><\/p>\n<p>                        <script async src=\"\/\/www.instagram.com\/embed.js\"><\/script><\/p>\n","protected":false},"excerpt":{"rendered":"Depois de desistir do Secret Story 9, Bruno voltou \u00e0 sua vida normal&#8230; e o bichinho do futebol&hellip;\n","protected":false},"author":2,"featured_media":172537,"comment_status":"","ping_status":"","sticky":false,"template":"","format":"standard","meta":{"footnotes":""},"categories":[142],"tags":[18706,19139,114,115,18705,524,32,33,151,18704],"class_list":{"0":"post-172536","1":"post","2":"type-post","3":"status-publish","4":"format-standard","5":"has-post-thumbnail","7":"category-tv","8":"tag-bastidores-secret-story","9":"tag-bruno-simao","10":"tag-entertainment","11":"tag-entretenimento","12":"tag-entrevistas-concorrentes-tvi","13":"tag-futebol","14":"tag-portugal","15":"tag-pt","16":"tag-tv","17":"tag-vida-fora-da-casa"},"share_on_mastodon":{"url":"https:\/\/pubeurope.com\/@pt\/115647283773983457","error":""},"_links":{"self":[{"href":"https:\/\/www.europesays.com\/pt\/wp-json\/wp\/v2\/posts\/172536","targetHints":{"allow":["GET"]}}],"collection":[{"href":"https:\/\/www.europesays.com\/pt\/wp-json\/wp\/v2\/posts"}],"about":[{"href":"https:\/\/www.europesays.com\/pt\/wp-json\/wp\/v2\/types\/post"}],"author":[{"embeddable":true,"href":"https:\/\/www.europesays.com\/pt\/wp-json\/wp\/v2\/users\/2"}],"replies":[{"embeddable":true,"href":"https:\/\/www.europesays.com\/pt\/wp-json\/wp\/v2\/comments?post=172536"}],"version-history":[{"count":0,"href":"https:\/\/www.europesays.com\/pt\/wp-json\/wp\/v2\/posts\/172536\/revisions"}],"wp:featuredmedia":[{"embeddable":true,"href":"https:\/\/www.europesays.com\/pt\/wp-json\/wp\/v2\/media\/172537"}],"wp:attachment":[{"href":"https:\/\/www.europesays.com\/pt\/wp-json\/wp\/v2\/media?parent=172536"}],"wp:term":[{"taxonomy":"category","embeddable":true,"href":"https:\/\/www.europesays.com\/pt\/wp-json\/wp\/v2\/categories?post=172536"},{"taxonomy":"post_tag","embeddable":true,"href":"https:\/\/www.europesays.com\/pt\/wp-json\/wp\/v2\/tags?post=172536"}],"curies":[{"name":"wp","href":"https:\/\/api.w.org\/{rel}","templated":true}]}}