{"id":172546,"date":"2025-12-02T01:09:34","date_gmt":"2025-12-02T01:09:34","guid":{"rendered":"https:\/\/www.europesays.com\/pt\/172546\/"},"modified":"2025-12-02T01:09:34","modified_gmt":"2025-12-02T01:09:34","slug":"jornalista-desabafa-sobre-momento-dramatico-em-direto","status":"publish","type":"post","link":"https:\/\/www.europesays.com\/pt\/172546\/","title":{"rendered":"jornalista desabafa sobre momento dram\u00e1tico em direto"},"content":{"rendered":"<p>Sandra Felgueiras obrigada a abandonar o \u2018Jornal Nacional\u2019: jornalista desabafa sobre momento dram\u00e1tico em direto, nas redes.<\/p>\n<p>Intoxica\u00e7\u00e3o alimentar impede conclus\u00e3o do notici\u00e1rio<\/p>\n<p>Sandra Felgueiras recorreu ao Instagram este s\u00e1bado, 29 de novembro, para revelar o motivo que a levou a abandonar o Jornal Nacional antes do final da emiss\u00e3o. A jornalista da TVI explicou que enfrentou um dos momentos mais dif\u00edceis da sua carreira devido a um problema de sa\u00fade inesperado.<\/p>\n<p>Jornalista revela prova\u00e7\u00e3o em direto<\/p>\n<p>Na publica\u00e7\u00e3o, a piv\u00f4 descreveu o que aconteceu durante a emiss\u00e3o de quarta-feira. <strong>\u201cEsta semana suportei uma das maiores prova\u00e7\u00f5es profissionais de que tenho mem\u00f3ria. Uma maldita intoxica\u00e7\u00e3o alimentar n\u00e3o me deixou terminar o \u2018Jornal Nacional\u2019 de quarta. Fiquei a uma pe\u00e7a do fim. Uma \u00fanica\u201d<\/strong>, escreveu, lamentando n\u00e3o ter conseguido concluir o notici\u00e1rio.<\/p>\n<p>Logo depois, acrescentou que tentou resistir at\u00e9 ao limite. <strong>\u201cBem tentei. Mas as n\u00e1useas foram mais fortes do que eu\u201d<\/strong>, partilhou, explicando que o mal-estar a obrigou a sair do ar.<\/p>\n<p>Colegas evitaram que a situa\u00e7\u00e3o piorasse<\/p>\n<p>Entretanto, Sandra Felgueiras fez quest\u00e3o de agradecer \u00e0 equipa que a apoiou nos bastidores e que garantiu que tudo decorresse com seguran\u00e7a. <strong>\u201cN\u00e3o tenho palavras para agradecer a todos os meus colegas de est\u00fadio e de r\u00e9gie que rapidamente conseguiram tirar-me do ar e evitar o pior. Somos todos humanos, mas nem sempre nos lembramos disso!\u201d<\/strong>, reconheceu.<\/p>\n<p>Por fim, a jornalista deixou uma mensagem de carinho a todos os que a ajudaram naquele momento dif\u00edcil. <strong>\u201cObrigada, meus anjos da guarda! A todos os que eu n\u00e3o sei identificar aqui, um xi [cora\u00e7\u00e3o] muito apertado\u201d<\/strong>, escreveu, concluindo o desabafo.<\/p>\n<p>Veja a publica\u00e7\u00e3o <a href=\"https:\/\/www.instagram.com\/p\/DRpQT_3DNUx\/?utm_source=ig_embed\" rel=\"nofollow noopener\" target=\"_blank\">AQUI<\/a>.<\/p>\n<p><a href=\"https:\/\/news.google.com\/publications\/CAAqBwgKMKfIoAswtNK4Aw\" target=\"_blank\" rel=\"noopener noreferrer nofollow\"><img loading=\"lazy\" data-lazyloaded=\"1\" width=\"481\" height=\"161\" decoding=\"async\" src=\"\/wp-content\/uploads\/2024\/02\/GN_siganos.png\" alt=\"Siga-nos no Google News\" style=\"margin-top:20px;\"\/><\/a><script async src=\"\/\/www.instagram.com\/embed.js\"><\/script><\/p>\n","protected":false},"excerpt":{"rendered":"Sandra Felgueiras obrigada a abandonar o \u2018Jornal Nacional\u2019: jornalista desabafa sobre momento dram\u00e1tico em direto, nas redes. Intoxica\u00e7\u00e3o&hellip;\n","protected":false},"author":2,"featured_media":172547,"comment_status":"","ping_status":"","sticky":false,"template":"","format":"standard","meta":{"footnotes":""},"categories":[85],"tags":[114,115,2515,32,33,2524],"class_list":{"0":"post-172546","1":"post","2":"type-post","3":"status-publish","4":"format-standard","5":"has-post-thumbnail","7":"category-entretenimento","8":"tag-entertainment","9":"tag-entretenimento","10":"tag-jornal-nacional","11":"tag-portugal","12":"tag-pt","13":"tag-sandra-felgueiras"},"share_on_mastodon":{"url":"https:\/\/pubeurope.com\/@pt\/115647307451648513","error":""},"_links":{"self":[{"href":"https:\/\/www.europesays.com\/pt\/wp-json\/wp\/v2\/posts\/172546","targetHints":{"allow":["GET"]}}],"collection":[{"href":"https:\/\/www.europesays.com\/pt\/wp-json\/wp\/v2\/posts"}],"about":[{"href":"https:\/\/www.europesays.com\/pt\/wp-json\/wp\/v2\/types\/post"}],"author":[{"embeddable":true,"href":"https:\/\/www.europesays.com\/pt\/wp-json\/wp\/v2\/users\/2"}],"replies":[{"embeddable":true,"href":"https:\/\/www.europesays.com\/pt\/wp-json\/wp\/v2\/comments?post=172546"}],"version-history":[{"count":0,"href":"https:\/\/www.europesays.com\/pt\/wp-json\/wp\/v2\/posts\/172546\/revisions"}],"wp:featuredmedia":[{"embeddable":true,"href":"https:\/\/www.europesays.com\/pt\/wp-json\/wp\/v2\/media\/172547"}],"wp:attachment":[{"href":"https:\/\/www.europesays.com\/pt\/wp-json\/wp\/v2\/media?parent=172546"}],"wp:term":[{"taxonomy":"category","embeddable":true,"href":"https:\/\/www.europesays.com\/pt\/wp-json\/wp\/v2\/categories?post=172546"},{"taxonomy":"post_tag","embeddable":true,"href":"https:\/\/www.europesays.com\/pt\/wp-json\/wp\/v2\/tags?post=172546"}],"curies":[{"name":"wp","href":"https:\/\/api.w.org\/{rel}","templated":true}]}}