{"id":172548,"date":"2025-12-02T01:10:12","date_gmt":"2025-12-02T01:10:12","guid":{"rendered":"https:\/\/www.europesays.com\/pt\/172548\/"},"modified":"2025-12-02T01:10:12","modified_gmt":"2025-12-02T01:10:12","slug":"cientistas-investigam-sinal-de-onda-gravitacional-fora-do-padrao-conhecido-noticias-r7","status":"publish","type":"post","link":"https:\/\/www.europesays.com\/pt\/172548\/","title":{"rendered":"Cientistas investigam sinal de onda gravitacional fora do padr\u00e3o conhecido \u2013 Noticias R7"},"content":{"rendered":"<p><img decoding=\"async\" data-chromatic=\"ignore\" alt=\"\" class=\"c-image\" loading=\"lazy\" src=\"https:\/\/www.europesays.com\/pt\/wp-content\/uploads\/2025\/12\/IZISB3VB2BEBHDBBUBNCO6L3JY.jpeg\"  width=\"2048\" height=\"1152\"\/>Onda gravitacional misteriosa pode revelar buracos negros primordiais. (Imagem: Gerada por IA\/ Gemini) Fala Ci\u00eancia <\/p>\n<p class=\"jarvics:base-text-neutral-high-400 base-text-[calc(theme(fontSize.xs)_*_var(--font-size,_1))] base-font-normal base-font-primary base-text-neutral-low-500 base-text-left\">\n<p>Uma <strong>nova detec\u00e7\u00e3o de ondas gravitacionais<\/strong> capturada pelo LIGO e pelo Virgo chamou aten\u00e7\u00e3o da comunidade cient\u00edfica. O evento, identificado como <strong>S251112cm<\/strong>, apresenta caracter\u00edsticas fora do padr\u00e3o conhecido, sugerindo a poss\u00edvel presen\u00e7a de <strong>buracos negros primordiais<\/strong>, corpos c\u00f3smicos formados nos primeiros instantes ap\u00f3s o Big Bang. Essa descoberta desperta grande curiosidade por desafiar o que se sabe sobre a forma\u00e7\u00e3o de objetos extremamente densos no cosmos.<\/p>\n<\/p>\n<p class=\"jarvics:base-text-neutral-high-400 base-text-[calc(theme(fontSize.xs)_*_var(--font-size,_1))] base-font-normal base-font-primary base-text-neutral-low-500 base-text-left\">\n<ul class=\"wp-block-list\">\n<li>\n<strong>Onda gravitacional incomum<\/strong> reacende discuss\u00f5es sobre buracos negros primordiais;<\/li>\n<li>\n<strong>Fus\u00e3o an\u00f4mala<\/strong> envolve um objeto de massa menor que o Sol;<\/li>\n<li>\n<strong>Possibilidade de ru\u00eddo<\/strong> nos detectores ainda gera cautela entre os especialistas;<\/li>\n<li>\n<strong>Hip\u00f3teses alternativas<\/strong> incluem estrelas de n\u00eautrons excepcionalmente leves;<\/li>\n<li>\n<strong>Formato da onda<\/strong> pode indicar a natureza do objeto envolvido.<\/li>\n<\/ul>\n<p class=\"jarvics:base-text-neutral-high-400 base-text-[calc(theme(fontSize.xs)_*_var(--font-size,_1))] base-font-normal base-font-primary base-text-neutral-low-500 base-text-left\"><strong>Entendendo a detec\u00e7\u00e3o e seus desafios<\/strong><\/p>\n<p class=\"jarvics:base-text-neutral-high-400 base-text-[calc(theme(fontSize.xs)_*_var(--font-size,_1))] base-font-normal base-font-primary base-text-neutral-low-500 base-text-left\">\n<p>As <strong>ondas gravitacionais<\/strong> s\u00e3o pequenas ondula\u00e7\u00f5es no espa\u00e7o-tempo, geradas quando objetos densos, como <strong>buracos negros e estrelas de n\u00eautrons<\/strong>, se fundem. Detect\u00e1-las exige interfer\u00f4metros gigantescos, capazes de medir altera\u00e7\u00f5es m\u00ednimas na dist\u00e2ncia de seus bra\u00e7os usando <strong>luz laser<\/strong>. Desde 2015, LIGO e Virgo j\u00e1 registraram mais de <strong>300 eventos<\/strong>, a maioria envolvendo fus\u00f5es de buracos negros ou estrelas de n\u00eautrons com massas superiores \u00e0 do Sol.<\/p>\n<\/p>\n<p><img decoding=\"async\" data-chromatic=\"ignore\" alt=\"\" class=\"c-image\" loading=\"lazy\" src=\"https:\/\/www.europesays.com\/pt\/wp-content\/uploads\/2025\/12\/QDJU4FXF5NA6NCENZNHODUKUUU.jpeg\"  width=\"1024\" height=\"576\"\/>Evento c\u00f3smico fora do padr\u00e3o desafia modelos de forma\u00e7\u00e3o estelar. (Imagem: Gerada por IA\/ Gemini)<br \/>\n Fala Ci\u00eancia <\/p>\n<p class=\"jarvics:base-text-neutral-high-400 base-text-[calc(theme(fontSize.xs)_*_var(--font-size,_1))] base-font-normal base-font-primary base-text-neutral-low-500 base-text-left\">\n<p>O que torna S251112cm t\u00e3o intrigante \u00e9 que pelo menos um dos corpos envolvidos tem <strong>menos de uma massa solar<\/strong>, algo nunca observado antes. Essa caracter\u00edstica n\u00e3o se encaixa nos modelos tradicionais de forma\u00e7\u00e3o estelar e abre espa\u00e7o para a <strong>possibilidade de buracos negros primordiais<\/strong>, hipot\u00e9ticos remanescentes do <strong>universo primordial<\/strong> que poderiam existir em qualquer escala de massa.<\/p>\n<\/p>\n<p class=\"jarvics:base-text-neutral-high-400 base-text-[calc(theme(fontSize.xs)_*_var(--font-size,_1))] base-font-normal base-font-primary base-text-neutral-low-500 base-text-left\"><strong>Buracos negros primordiais ou outras explica\u00e7\u00f5es?<\/strong><\/p>\n<p class=\"jarvics:base-text-neutral-high-400 base-text-[calc(theme(fontSize.xs)_*_var(--font-size,_1))] base-font-normal base-font-primary base-text-neutral-low-500 base-text-left\">\n<p>Pesquisadores consideram cen\u00e1rios alternativos, como a fus\u00e3o de uma <strong>estrela de n\u00eautrons excepcionalmente leve<\/strong>, embora tal possibilidade seja improv\u00e1vel dentro das observa\u00e7\u00f5es atuais. Outras hip\u00f3teses, como an\u00e3s brancas, foram descartadas devido \u00e0s limita\u00e7\u00f5es f\u00edsicas desses objetos. O formato da <strong>onda gravitacional<\/strong> ainda oferece pistas valiosas:<\/p>\n<\/p>\n<p class=\"jarvics:base-text-neutral-high-400 base-text-[calc(theme(fontSize.xs)_*_var(--font-size,_1))] base-font-normal base-font-primary base-text-neutral-low-500 base-text-left\">\n<ul class=\"wp-block-list\">\n<li>Fus\u00f5es de <strong>objetos leves<\/strong> produzem zumbidos longos e cont\u00ednuos;<\/li>\n<li>\n<strong>Estrelas de n\u00eautrons<\/strong> deixam sinais de mar\u00e9 espec\u00edficos;<\/li>\n<li>\n<strong>Buracos negros<\/strong> n\u00e3o geram essas interfer\u00eancias, permitindo diferencia\u00e7\u00e3o por an\u00e1lise detalhada.<\/li>\n<\/ul>\n<p class=\"jarvics:base-text-neutral-high-400 base-text-[calc(theme(fontSize.xs)_*_var(--font-size,_1))] base-font-normal base-font-primary base-text-neutral-low-500 base-text-left\">\n<p>Apesar das incertezas e do risco de ru\u00eddo no detector, estudos futuros e a repeti\u00e7\u00e3o de eventos similares podem confirmar a exist\u00eancia desses objetos misteriosos. At\u00e9 l\u00e1, S251112cm permanece um enigma cient\u00edfico, potencialmente revelando segredos sobre os <strong>primeiros instantes do Universo<\/strong> e a composi\u00e7\u00e3o da <strong>mat\u00e9ria escura<\/strong>.<\/p><\/p>\n","protected":false},"excerpt":{"rendered":"Onda gravitacional misteriosa pode revelar buracos negros primordiais. (Imagem: Gerada por IA\/ Gemini) Fala Ci\u00eancia Uma nova detec\u00e7\u00e3o&hellip;\n","protected":false},"author":2,"featured_media":172549,"comment_status":"","ping_status":"","sticky":false,"template":"","format":"standard","meta":{"footnotes":""},"categories":[84],"tags":[109,107,108,32,33,105,103,104,106,110],"class_list":{"0":"post-172548","1":"post","2":"type-post","3":"status-publish","4":"format-standard","5":"has-post-thumbnail","7":"category-ciencia-e-tecnologia","8":"tag-ciencia","9":"tag-ciencia-e-tecnologia","10":"tag-cienciaetecnologia","11":"tag-portugal","12":"tag-pt","13":"tag-science","14":"tag-science-and-technology","15":"tag-scienceandtechnology","16":"tag-technology","17":"tag-tecnologia"},"share_on_mastodon":{"url":"https:\/\/pubeurope.com\/@pt\/115647311032188122","error":""},"_links":{"self":[{"href":"https:\/\/www.europesays.com\/pt\/wp-json\/wp\/v2\/posts\/172548","targetHints":{"allow":["GET"]}}],"collection":[{"href":"https:\/\/www.europesays.com\/pt\/wp-json\/wp\/v2\/posts"}],"about":[{"href":"https:\/\/www.europesays.com\/pt\/wp-json\/wp\/v2\/types\/post"}],"author":[{"embeddable":true,"href":"https:\/\/www.europesays.com\/pt\/wp-json\/wp\/v2\/users\/2"}],"replies":[{"embeddable":true,"href":"https:\/\/www.europesays.com\/pt\/wp-json\/wp\/v2\/comments?post=172548"}],"version-history":[{"count":0,"href":"https:\/\/www.europesays.com\/pt\/wp-json\/wp\/v2\/posts\/172548\/revisions"}],"wp:featuredmedia":[{"embeddable":true,"href":"https:\/\/www.europesays.com\/pt\/wp-json\/wp\/v2\/media\/172549"}],"wp:attachment":[{"href":"https:\/\/www.europesays.com\/pt\/wp-json\/wp\/v2\/media?parent=172548"}],"wp:term":[{"taxonomy":"category","embeddable":true,"href":"https:\/\/www.europesays.com\/pt\/wp-json\/wp\/v2\/categories?post=172548"},{"taxonomy":"post_tag","embeddable":true,"href":"https:\/\/www.europesays.com\/pt\/wp-json\/wp\/v2\/tags?post=172548"}],"curies":[{"name":"wp","href":"https:\/\/api.w.org\/{rel}","templated":true}]}}