{"id":172550,"date":"2025-12-02T01:13:24","date_gmt":"2025-12-02T01:13:24","guid":{"rendered":"https:\/\/www.europesays.com\/pt\/172550\/"},"modified":"2025-12-02T01:13:24","modified_gmt":"2025-12-02T01:13:24","slug":"maco-de-cigarros-devera-subir-122-euros-com-nova-carga-fiscal-europeia","status":"publish","type":"post","link":"https:\/\/www.europesays.com\/pt\/172550\/","title":{"rendered":"Ma\u00e7o de cigarros dever\u00e1 subir 1,22 euros com nova carga fiscal europeia"},"content":{"rendered":"<p data-start=\"889\" data-end=\"1236\">Tal como tem acontecido em aumentos anteriores, prev\u00ea-se que o encarecimento do tabaco leve a uma nova quebra no n\u00famero de fumadores em Portugal, atualmente estimado em\u00a01,5 milh\u00f5es de pessoas. Segundo o Correio da Manh\u00e3, esta previs\u00e3o preocupa o setor, que alerta para o impacto econ\u00f3mico e laboral que poder\u00e1 decorrer da descida do consumo.<\/p>\n<p data-start=\"1238\" data-end=\"1728\">O Sindicato dos Trabalhadores da Agricultura e das Ind\u00fastrias de Alimenta\u00e7\u00e3o, Bebidas e Tabacos considera que as medidas da Organiza\u00e7\u00e3o Mundial da Sa\u00fade, acompanhadas pela Comiss\u00e3o Europeia, constituem \u201cum ataque direto aos trabalhadores e \u00e0 economia portuguesa\u201d. O sindicato sublinha que n\u00e3o \u00e9 poss\u00edvel \u201cdefender a sa\u00fade sacrificando o emprego e o sustento das fam\u00edlias\u201d, defendendo que a ind\u00fastria do tabaco \u00e9 legal, paga impostos, cumpre regras e assegura milhares de postos de trabalho.<\/p>\n<p data-start=\"1780\" data-end=\"2090\">A Tabaqueira, com sede em Albarraque, emprega\u00a0cerca de 1500 trabalhadores\u00a0e garante mais de\u00a03000 empregos indiretos\u00a0atrav\u00e9s de parceiros, distribuidores e fornecedores. A f\u00e1brica de Sintra \u00e9 atualmente a\u00a0s\u00e9tima maior exportadora nacional, produzindo cerca de\u00a025 mil milh\u00f5es de cigarros por ano.<\/p>\n<p data-start=\"2092\" data-end=\"2340\">No Dia Mundial do Cancro do Pulm\u00e3o, assinalado a 1 de agosto, o Minist\u00e9rio das Finan\u00e7as manifestou a sua oposi\u00e7\u00e3o \u00e0 posi\u00e7\u00e3o da Comiss\u00e3o Europeia, revelando preocupa\u00e7\u00e3o com as consequ\u00eancias da proposta fiscal para o setor e para a economia nacional.<\/p>\n","protected":false},"excerpt":{"rendered":"Tal como tem acontecido em aumentos anteriores, prev\u00ea-se que o encarecimento do tabaco leve a uma nova quebra&hellip;\n","protected":false},"author":2,"featured_media":172551,"comment_status":"","ping_status":"","sticky":false,"template":"","format":"standard","meta":{"footnotes":""},"categories":[10],"tags":[27,28,15,16,14,25,26,21,22,12,13,19,20,32,23,24,33,17,18,29,30,31],"class_list":{"0":"post-172550","1":"post","2":"type-post","3":"status-publish","4":"format-standard","5":"has-post-thumbnail","7":"category-portugal","8":"tag-breaking-news","9":"tag-breakingnews","10":"tag-featured-news","11":"tag-featurednews","12":"tag-headlines","13":"tag-latest-news","14":"tag-latestnews","15":"tag-main-news","16":"tag-mainnews","17":"tag-news","18":"tag-noticias","19":"tag-noticias-principais","20":"tag-noticiasprincipais","21":"tag-portugal","22":"tag-principais-noticias","23":"tag-principaisnoticias","24":"tag-pt","25":"tag-top-stories","26":"tag-topstories","27":"tag-ultimas","28":"tag-ultimas-noticias","29":"tag-ultimasnoticias"},"share_on_mastodon":{"url":"https:\/\/pubeurope.com\/@pt\/115647322637283627","error":""},"_links":{"self":[{"href":"https:\/\/www.europesays.com\/pt\/wp-json\/wp\/v2\/posts\/172550","targetHints":{"allow":["GET"]}}],"collection":[{"href":"https:\/\/www.europesays.com\/pt\/wp-json\/wp\/v2\/posts"}],"about":[{"href":"https:\/\/www.europesays.com\/pt\/wp-json\/wp\/v2\/types\/post"}],"author":[{"embeddable":true,"href":"https:\/\/www.europesays.com\/pt\/wp-json\/wp\/v2\/users\/2"}],"replies":[{"embeddable":true,"href":"https:\/\/www.europesays.com\/pt\/wp-json\/wp\/v2\/comments?post=172550"}],"version-history":[{"count":0,"href":"https:\/\/www.europesays.com\/pt\/wp-json\/wp\/v2\/posts\/172550\/revisions"}],"wp:featuredmedia":[{"embeddable":true,"href":"https:\/\/www.europesays.com\/pt\/wp-json\/wp\/v2\/media\/172551"}],"wp:attachment":[{"href":"https:\/\/www.europesays.com\/pt\/wp-json\/wp\/v2\/media?parent=172550"}],"wp:term":[{"taxonomy":"category","embeddable":true,"href":"https:\/\/www.europesays.com\/pt\/wp-json\/wp\/v2\/categories?post=172550"},{"taxonomy":"post_tag","embeddable":true,"href":"https:\/\/www.europesays.com\/pt\/wp-json\/wp\/v2\/tags?post=172550"}],"curies":[{"name":"wp","href":"https:\/\/api.w.org\/{rel}","templated":true}]}}