{"id":172552,"date":"2025-12-02T01:15:40","date_gmt":"2025-12-02T01:15:40","guid":{"rendered":"https:\/\/www.europesays.com\/pt\/172552\/"},"modified":"2025-12-02T01:15:40","modified_gmt":"2025-12-02T01:15:40","slug":"confira-o-resultado-completo-do-gp-do-catar-2025","status":"publish","type":"post","link":"https:\/\/www.europesays.com\/pt\/172552\/","title":{"rendered":"Confira o resultado completo do GP do Catar 2025"},"content":{"rendered":"<p>Max Verstappen venceu o GP do Catar e assumiu a vice-lideran\u00e7a do Mundial 2025. O piloto da Red Bull aproveitou a estrat\u00e9gia equivocada da McLaren, que manteve Oscar Piastri e Lando Norris na pista durante o safety car da volta 7. Piastri ainda salvou o segundo lugar, enquanto Carlos Sainz fechou o p\u00f3dio. Norris foi quarto. Kimi Antonelli e George Russell completaram o top 6. Bortoleto terminou em 13\u00ba.<\/p>\n<p><strong>Confira o resultado completo do GP do Catar 2025:<\/strong><br \/>1) Max Verstappen (Red Bull\/Honda RBPT), 57 voltas<br \/>2) Oscar Piastri (McLaren\/Mercedes), +7.995<br \/>3) Carlos Sainz (Williams\/Mercedes), +22.665<br \/>4) Lando Norris (McLaren\/Mercedes), +23.315<br \/>5) Kimi Antonelli (Mercedes), +28.317<br \/>6) George Russell (Mercedes), +48.599<br \/>7) Fernando Alonso (Aston Martin\/Mercedes), +54.045<br \/>8) Charles Leclerc (Ferrari), +56.785<br \/>9) Liam Lawson (Racing Bulls\/Honda RBPT), +60.073<br \/>10) Yuki Tsunoda (Red Bull\/Honda RBPT), +61.770<br \/>11) Alexander Albon (Williams\/Mercedes), +66.931<br \/>12) Lewis Hamilton (Ferrari), +77.730<br \/>13) Gabriel Bortoleto (Sauber\/Ferrari), +84.812<br \/>14) Franco Colapinto (Alpine\/Renault), +1 volta<br \/>15) Esteban Ocon (Haas\/Ferrari), +1 volta<br \/>16) Pierre Gasly (Alpine\/Renault), +1 volta<br \/>17) Lance Stroll (Aston Martin\/Mercedes), +2 voltas<br \/>18) Isack Hadjar (Racing Bulls\/Honda RBPT), +2 voltas<br \/>OUT) Oliver Bearman (Haas\/Ferrari)<br \/>OUT) Nico H\u00fclkenberg (Sauber\/Ferrari)<\/p>\n<p>Baixe nosso app oficial para <a href=\"https:\/\/play.google.com\/store\/apps\/details?id=br.com.contemtecnologia.f1mania\" rel=\"nofollow noopener\" target=\"_blank\"><strong>Android<\/strong><\/a> e <a href=\"https:\/\/apps.apple.com\/br\/app\/f1mania-not%C3%ADcias-da-f1\/id1639173209\" rel=\"nofollow noopener\" target=\"_blank\"><strong>iPhone<\/strong><\/a> e receba notifica\u00e7\u00f5es das \u00faltimas not\u00edcias.<\/p>\n","protected":false},"excerpt":{"rendered":"Max Verstappen venceu o GP do Catar e assumiu a vice-lideran\u00e7a do Mundial 2025. O piloto da Red&hellip;\n","protected":false},"author":2,"featured_media":172553,"comment_status":"","ping_status":"","sticky":false,"template":"","format":"standard","meta":{"footnotes":""},"categories":[8],"tags":[27,28,15,16,14,25,26,21,22,12,13,19,20,32,23,24,33,17,18,29,30,31],"class_list":{"0":"post-172552","1":"post","2":"type-post","3":"status-publish","4":"format-standard","5":"has-post-thumbnail","7":"category-principais-noticias","8":"tag-breaking-news","9":"tag-breakingnews","10":"tag-featured-news","11":"tag-featurednews","12":"tag-headlines","13":"tag-latest-news","14":"tag-latestnews","15":"tag-main-news","16":"tag-mainnews","17":"tag-news","18":"tag-noticias","19":"tag-noticias-principais","20":"tag-noticiasprincipais","21":"tag-portugal","22":"tag-principais-noticias","23":"tag-principaisnoticias","24":"tag-pt","25":"tag-top-stories","26":"tag-topstories","27":"tag-ultimas","28":"tag-ultimas-noticias","29":"tag-ultimasnoticias"},"share_on_mastodon":{"url":"https:\/\/pubeurope.com\/@pt\/115647330730906416","error":""},"_links":{"self":[{"href":"https:\/\/www.europesays.com\/pt\/wp-json\/wp\/v2\/posts\/172552","targetHints":{"allow":["GET"]}}],"collection":[{"href":"https:\/\/www.europesays.com\/pt\/wp-json\/wp\/v2\/posts"}],"about":[{"href":"https:\/\/www.europesays.com\/pt\/wp-json\/wp\/v2\/types\/post"}],"author":[{"embeddable":true,"href":"https:\/\/www.europesays.com\/pt\/wp-json\/wp\/v2\/users\/2"}],"replies":[{"embeddable":true,"href":"https:\/\/www.europesays.com\/pt\/wp-json\/wp\/v2\/comments?post=172552"}],"version-history":[{"count":0,"href":"https:\/\/www.europesays.com\/pt\/wp-json\/wp\/v2\/posts\/172552\/revisions"}],"wp:featuredmedia":[{"embeddable":true,"href":"https:\/\/www.europesays.com\/pt\/wp-json\/wp\/v2\/media\/172553"}],"wp:attachment":[{"href":"https:\/\/www.europesays.com\/pt\/wp-json\/wp\/v2\/media?parent=172552"}],"wp:term":[{"taxonomy":"category","embeddable":true,"href":"https:\/\/www.europesays.com\/pt\/wp-json\/wp\/v2\/categories?post=172552"},{"taxonomy":"post_tag","embeddable":true,"href":"https:\/\/www.europesays.com\/pt\/wp-json\/wp\/v2\/tags?post=172552"}],"curies":[{"name":"wp","href":"https:\/\/api.w.org\/{rel}","templated":true}]}}