{"id":172561,"date":"2025-12-02T01:22:14","date_gmt":"2025-12-02T01:22:14","guid":{"rendered":"https:\/\/www.europesays.com\/pt\/172561\/"},"modified":"2025-12-02T01:22:14","modified_gmt":"2025-12-02T01:22:14","slug":"portugal-sagra-se-campeao-europeu-de-andebol-em-cadeira-de-rodas-com-equipas-de-quatro","status":"publish","type":"post","link":"https:\/\/www.europesays.com\/pt\/172561\/","title":{"rendered":"Portugal sagra-se campe\u00e3o europeu de andebol em cadeira de rodas com equipas de quatro"},"content":{"rendered":"<p><strong>Portugal sagrou-se, este domingo, campe\u00e3o europeu de andebol em cadeira de rodas, ao bater a Fran\u00e7a (2-1), na final da primeira edi\u00e7\u00e3o do Campeonato da Europa com equipas de quatro, tendo contabilizado cinco vit\u00f3rias em outros tantos jogos.<\/strong><\/p>\n<p>Em Vilnius, na Litu\u00e2nia, a sele\u00e7\u00e3o orientada por Danilo Ferreira imp\u00f4s-se na &#8216;negra&#8217;, com os parciais de 7-6, 9-10 e 7-0, num desafio em que Jo\u00e3o Jer\u00f3nimo foi o melhor marcador, ao somar 14 golos, quatro acima de Fatih Cuhadar, o mais concretizador no lado gaul\u00eas.<\/p>\n<p>\t\t<img decoding=\"async\" src=\"https:\/\/www.europesays.com\/pt\/wp-content\/uploads\/2025\/12\/1764638533_257_thumbs.web.sapo.io\"  alt=\"Atletas portugueses festejam conquista europeia.\" loading=\"true\"\/><\/p>\n<p>                        Reprodu\u00e7\u00e3o\/Federa\u00e7\u00e3o de Andebol de Portugal<\/p>\n<p>Portugal j\u00e1 tinha derrotado a Fran\u00e7a na terceira e \u00faltima jornada do Grupo B da primeira fase, na sexta-feira, mas por 2-0, resultado aplicado anteriormente diante de Rom\u00e9nia e Espanha, tal como aconteceu nas &#8216;meias&#8217;, disputadas na manh\u00e3 de hoje ante a Cro\u00e1cia.<\/p>\n<p>\t\t<img decoding=\"async\" src=\"https:\/\/www.europesays.com\/pt\/wp-content\/uploads\/2025\/12\/1764638534_601_thumbs.web.sapo.io\"  alt=\"Portugal bateu Fran\u00e7a no derradeiro encontro.\" loading=\"true\"\/><\/p>\n<p>                        Reprodu\u00e7\u00e3o\/Federa\u00e7\u00e3o de Andebol de Portugal<\/p>\n<p>No duelo de atribui\u00e7\u00e3o da medalha de bronze, a anfitri\u00e3 Litu\u00e2nia venceu a Cro\u00e1cia (2-1).<\/p>\n<p>Ao aceder \u00e0 partida decisiva do Europeu, <strong>Portugal qualificou-se para o Campeonato do Mundo de 2026<\/strong> da categoria, no qual foi s\u00e9timo colocado na estreia, em 2024, no Egito.<\/p>\n<p>Portugal j\u00e1 conquistou Mundial e Europeu na vertente de equipas de seis<\/p>\n<p>O andebol em cadeira de rodas \u00e9 jogado \u00e0 melhor de tr\u00eas parciais entre equipas mistas, com duas partes de 10 minutos cada, sendo que, na variante com quatro atletas (ACR4), tem de haver, pelo menos, uma mulher em campo a tempo inteiro.<\/p>\n<p>Na vertente com equipas de seis (ACR6), Portugal conquistou o Campeonato Mundial e Europeu de 2022, em Leiria, j\u00e1 depois de ter arrebatado uma medalha de ouro (2018), tamb\u00e9m como anfitri\u00e3, e tr\u00eas de prata (2015, 2016 e 2019) na principal prova continental.<\/p>\n<p> Com Lusa<\/p>\n","protected":false},"excerpt":{"rendered":"Portugal sagrou-se, este domingo, campe\u00e3o europeu de andebol em cadeira de rodas, ao bater a Fran\u00e7a (2-1), na&hellip;\n","protected":false},"author":2,"featured_media":172562,"comment_status":"","ping_status":"","sticky":false,"template":"","format":"standard","meta":{"footnotes":""},"categories":[87],"tags":[135,32,33,134],"class_list":{"0":"post-172561","1":"post","2":"type-post","3":"status-publish","4":"format-standard","5":"has-post-thumbnail","7":"category-desporto","8":"tag-desporto","9":"tag-portugal","10":"tag-pt","11":"tag-sports"},"share_on_mastodon":{"url":"https:\/\/pubeurope.com\/@pt\/115647358831709903","error":""},"_links":{"self":[{"href":"https:\/\/www.europesays.com\/pt\/wp-json\/wp\/v2\/posts\/172561","targetHints":{"allow":["GET"]}}],"collection":[{"href":"https:\/\/www.europesays.com\/pt\/wp-json\/wp\/v2\/posts"}],"about":[{"href":"https:\/\/www.europesays.com\/pt\/wp-json\/wp\/v2\/types\/post"}],"author":[{"embeddable":true,"href":"https:\/\/www.europesays.com\/pt\/wp-json\/wp\/v2\/users\/2"}],"replies":[{"embeddable":true,"href":"https:\/\/www.europesays.com\/pt\/wp-json\/wp\/v2\/comments?post=172561"}],"version-history":[{"count":0,"href":"https:\/\/www.europesays.com\/pt\/wp-json\/wp\/v2\/posts\/172561\/revisions"}],"wp:featuredmedia":[{"embeddable":true,"href":"https:\/\/www.europesays.com\/pt\/wp-json\/wp\/v2\/media\/172562"}],"wp:attachment":[{"href":"https:\/\/www.europesays.com\/pt\/wp-json\/wp\/v2\/media?parent=172561"}],"wp:term":[{"taxonomy":"category","embeddable":true,"href":"https:\/\/www.europesays.com\/pt\/wp-json\/wp\/v2\/categories?post=172561"},{"taxonomy":"post_tag","embeddable":true,"href":"https:\/\/www.europesays.com\/pt\/wp-json\/wp\/v2\/tags?post=172561"}],"curies":[{"name":"wp","href":"https:\/\/api.w.org\/{rel}","templated":true}]}}