{"id":172569,"date":"2025-12-02T01:34:09","date_gmt":"2025-12-02T01:34:09","guid":{"rendered":"https:\/\/www.europesays.com\/pt\/172569\/"},"modified":"2025-12-02T01:34:09","modified_gmt":"2025-12-02T01:34:09","slug":"inedito-e-inesperado-leandro-baixa-a-guarda-e-faz-verdadeira-declaracao-de-amor-a-marisa-e-pedro-tvi","status":"publish","type":"post","link":"https:\/\/www.europesays.com\/pt\/172569\/","title":{"rendered":"In\u00e9dito e inesperado! Leandro baixa a guarda e faz verdadeira &#039;declara\u00e7\u00e3o de amor&#039; a Marisa e Pedro &#8211; TVI"},"content":{"rendered":"<ol>\n<li><a href=\"https:\/\/news.google.com\/rss\/articles\/CBMi8AFBVV95cUxQcDF6SjdiTHQyWkxjUlV4bHZqNENmcXIwa1VWTGk1SDAwdnJhaUJ0cG56UENCeXRCaEFGLVdndktrSXlXU2RTR3VHeDJvTUVnbUdJZTFJMkRaTFdpSlNyWDJSLVFWZ0VEUU9uT0Y3dFBPX3FzU1RyZk9zZEVPd2ZaX3IwNEdUcjB2U3ZXMFd4SWdyclRCcU1Qd180QUZydzhkUnNvVE1fRUtFY29JZzF1ZTcwRXFYc2dUSjZKUjNVN3ZRRDAwSUdyLUtmbFRCYmNrdG90RnpvTnB1eWdDU0s5dFppQmtJdHJyUzR1UC1SdFE?oc=5\" target=\"_blank\" rel=\"nofollow noopener\">In\u00e9dito e inesperado! Leandro baixa a guarda e faz verdadeira &#8216;declara\u00e7\u00e3o de amor&#8217; a Marisa e Pedro<\/a>&nbsp;&nbsp;TVI<\/li>\n<li><a href=\"https:\/\/news.google.com\/rss\/articles\/CBMihAFBVV95cUxQSzg5ZFpnUGNpb0FCbnZraWhFdTNzX045ejZkZ0k0b2pSdmxXYVF1SGNLdFZ4dDZlVXJhUDJNdHBRQklNSzFrVEEta3BaRkVveHJYcXJMVmlaeE4xc3hENWVFaGhtb24xS0U3MVUtcHlwemVBYm5nbE00djA1S2hid3JzX3Y?oc=5\" target=\"_blank\" rel=\"nofollow noopener\">Aos gritos! Leandro e Liliana discutem: \u201cN\u00e3o sejas rid\u00edcula\u2026\u201d<\/a>&nbsp;&nbsp;Hiper Fm<\/li>\n<li><a href=\"https:\/\/news.google.com\/rss\/articles\/CBMizAFBVV95cUxNQ1FNR044OU5oMTJhQmJRRlRONVUxdWh5ZEdwQlowZVdkQjIya3JBTlV2dDlVRk9xQ3VDVFdjYmZrM082SmFidE0zY2p1YlpyNm9mMi1fbDhJSXNRTDdoZnJWdkRlcDlPdkJ2LThSLUpKTjFzZkJfTHdsZGN0dXhteHVORnFkMnpLYWg4bXhRLS1pbi1adHluWHpqeTlOY3h4YVdVUWEyZ0hXaWVDdW1DSEFwVmxBd0ZoYUZ6bjl1TllYazQ0RTFoeHRYbnY?oc=5\" target=\"_blank\" rel=\"nofollow noopener\">Casa dos Segredos: Surpresa inesperada! Sandro est\u00e1 de volta \u00e0 casa? \u201cVais para a semana\u2026\u201d<\/a>&nbsp;&nbsp;SAPO<\/li>\n<li><a href=\"https:\/\/news.google.com\/rss\/articles\/CBMiogFBVV95cUxPem5wc0gyLVdYMDZSMzNzaERUSzFQbDZEM0EtejZYWVlmUHBwMjRiRXlEU0FPTlBEa2F1ZUlneUpELW9NV2hDLTNNQXg0MU1WLUZ3bDlBdUVVeDBNd2E2YzlqWXFnaWVFalloTVd3ZklZTng5ZVk5OFdDQTJMRVFYSmh0U3JfdGpDenF2TENjQzkxWFlMUkRUTGRESUlIUjAyOFE?oc=5\" target=\"_blank\" rel=\"nofollow noopener\">Dylan arrasa Leandro e compara-o a Z\u00e9 Maria: &#8220;Menino mimado&#8221; e apelida de \u2018aquilo\u2019<\/a>&nbsp;&nbsp;Dioguinho<\/li>\n<li><a href=\"https:\/\/news.google.com\/rss\/articles\/CBMiqwFBVV95cUxOU2xaNUJUTEotQkh2SWphbS02X1hPVEZLcFpHZUx6bW9aQ0ZkN0RBS2lvOGdQQ1VXOVdvczdqSHVwLTMwOVBKcFdiWElPdF9IOFBYUmgzeU9ncDJrcDVpcm8tNmRNSFg1Sl9CaW95YmJtaU1JNk1vakNJblhIYVlFVW5jNjRuamZaZXJjTTVzOHVfQ3Y2UVR4NEtNT19KSjlaNkVxamxiTEVkWkk?oc=5\" target=\"_blank\" rel=\"nofollow noopener\">Pedro deita-se sozinho na sala e queixa-se da mulher<\/a>&nbsp;&nbsp;Not\u00edcias de hoje &#8211; IOL<\/li>\n<\/ol>\n","protected":false},"excerpt":{"rendered":"In\u00e9dito e inesperado! Leandro baixa a guarda e faz verdadeira &#8216;declara\u00e7\u00e3o de amor&#8217; a Marisa e Pedro&nbsp;&nbsp;TVI Aos&hellip;\n","protected":false},"author":2,"featured_media":172570,"comment_status":"","ping_status":"","sticky":false,"template":"","format":"standard","meta":{"footnotes":""},"categories":[142],"tags":[114,115,12397,19184,18800,14646,32,33,151,162,18801],"class_list":{"0":"post-172569","1":"post","2":"type-post","3":"status-publish","4":"format-standard","5":"has-post-thumbnail","7":"category-tv","8":"tag-entertainment","9":"tag-entretenimento","10":"tag-leandro","11":"tag-marisa","12":"tag-momentos-virais-secret-story","13":"tag-pedro","14":"tag-portugal","15":"tag-pt","16":"tag-tv","17":"tag-tvi","18":"tag-videos-virais-concorrentes"},"share_on_mastodon":{"url":"https:\/\/pubeurope.com\/@pt\/115647405444878207","error":""},"_links":{"self":[{"href":"https:\/\/www.europesays.com\/pt\/wp-json\/wp\/v2\/posts\/172569","targetHints":{"allow":["GET"]}}],"collection":[{"href":"https:\/\/www.europesays.com\/pt\/wp-json\/wp\/v2\/posts"}],"about":[{"href":"https:\/\/www.europesays.com\/pt\/wp-json\/wp\/v2\/types\/post"}],"author":[{"embeddable":true,"href":"https:\/\/www.europesays.com\/pt\/wp-json\/wp\/v2\/users\/2"}],"replies":[{"embeddable":true,"href":"https:\/\/www.europesays.com\/pt\/wp-json\/wp\/v2\/comments?post=172569"}],"version-history":[{"count":0,"href":"https:\/\/www.europesays.com\/pt\/wp-json\/wp\/v2\/posts\/172569\/revisions"}],"wp:featuredmedia":[{"embeddable":true,"href":"https:\/\/www.europesays.com\/pt\/wp-json\/wp\/v2\/media\/172570"}],"wp:attachment":[{"href":"https:\/\/www.europesays.com\/pt\/wp-json\/wp\/v2\/media?parent=172569"}],"wp:term":[{"taxonomy":"category","embeddable":true,"href":"https:\/\/www.europesays.com\/pt\/wp-json\/wp\/v2\/categories?post=172569"},{"taxonomy":"post_tag","embeddable":true,"href":"https:\/\/www.europesays.com\/pt\/wp-json\/wp\/v2\/tags?post=172569"}],"curies":[{"name":"wp","href":"https:\/\/api.w.org\/{rel}","templated":true}]}}