{"id":172577,"date":"2025-12-02T01:40:11","date_gmt":"2025-12-02T01:40:11","guid":{"rendered":"https:\/\/www.europesays.com\/pt\/172577\/"},"modified":"2025-12-02T01:40:11","modified_gmt":"2025-12-02T01:40:11","slug":"dezembro-traz-superlua-e-chuvas-de-meteoros-imperdiveis-no-ceu-noticias-r7","status":"publish","type":"post","link":"https:\/\/www.europesays.com\/pt\/172577\/","title":{"rendered":"Dezembro traz superlua e chuvas de meteoros imperd\u00edveis no c\u00e9u \u2013 Noticias R7"},"content":{"rendered":"<p><img decoding=\"async\" data-chromatic=\"ignore\" alt=\"\" class=\"c-image\" loading=\"lazy\" src=\"https:\/\/www.europesays.com\/pt\/wp-content\/uploads\/2025\/12\/ZM56WDNG55FKNIG6TVTRPY4FTM.jpeg\"  width=\"2048\" height=\"1152\"\/>C\u00e9u do m\u00eas traz fen\u00f4menos astron\u00f4micos imperd\u00edveis para observadores. (Imagem: Getty Images\/ Canva Pro) Fala Ci\u00eancia <\/p>\n<p class=\"jarvics:base-text-neutral-high-400 base-text-[calc(theme(fontSize.xs)_*_var(--font-size,_1))] base-font-normal base-font-primary base-text-neutral-low-500 base-text-left\">\n<p>O <strong>\u00faltimo m\u00eas do ano<\/strong> promete encantar observadores do c\u00e9u com uma sequ\u00eancia de fen\u00f4menos astron\u00f4micos. Entre eles, destaca-se a <strong>Superlua Fria<\/strong>, al\u00e9m das chuvas de meteoros <strong>Gemin\u00eddeos<\/strong> e <strong>Urs\u00eddeos<\/strong>, que oferecem oportunidades \u00fanicas para admirar a beleza do cosmos. Todos os hor\u00e1rios indicados seguem refer\u00eancia para Bras\u00edlia (DF) e podem variar conforme a localidade.<\/p>\n<\/p>\n<p class=\"jarvics:base-text-neutral-high-400 base-text-[calc(theme(fontSize.xs)_*_var(--font-size,_1))] base-font-normal base-font-primary base-text-neutral-low-500 base-text-left\">\n<ul class=\"wp-block-list\">\n<li>\n<strong>4 de dezembro:<\/strong> Superlua Fria, quando a Lua Cheia se aproxima do perigeu;<\/li>\n<li>\n<strong>14 de dezembro:<\/strong> Pico da chuva de meteoros Gemin\u00eddeos, at\u00e9 100 meteoros\/hora;<\/li>\n<li>\n<strong>21 de dezembro:<\/strong> Solst\u00edcio de ver\u00e3o no Hemisf\u00e9rio Sul, com dia mais longo;<\/li>\n<li>\n<strong>22 de dezembro:<\/strong> Pico da chuva de meteoros Urs\u00eddeos, vis\u00edvel especialmente no Hemisf\u00e9rio Norte.<\/li>\n<\/ul>\n<p class=\"jarvics:base-text-neutral-high-400 base-text-[calc(theme(fontSize.xs)_*_var(--font-size,_1))] base-font-normal base-font-primary base-text-neutral-low-500 base-text-left\"><strong>Superlua Fria: a \u00faltima do ano<\/strong><\/p>\n<p class=\"jarvics:base-text-neutral-high-400 base-text-[calc(theme(fontSize.xs)_*_var(--font-size,_1))] base-font-normal base-font-primary base-text-neutral-low-500 base-text-left\">\n<p>A <strong>Superlua Fria<\/strong> ocorre quando a <strong>Lua Cheia<\/strong> coincide com o <strong>perigeu<\/strong>, o ponto de sua \u00f3rbita mais pr\u00f3ximo da Terra. Esse alinhamento proporciona uma vis\u00e3o mais <strong>brilhante e levemente maior da Lua<\/strong>, tornando o fen\u00f4meno um dos mais fotografados do ano. Apesar do nome \u201cfria\u201d, o termo se refere ao per\u00edodo do inverno, e n\u00e3o \u00e0 temperatura do astro. A observa\u00e7\u00e3o pode ser feita logo ap\u00f3s o <strong>nascer da Lua<\/strong>, garantindo imagens espetaculares em locais com horizonte limpo.<\/p>\n<\/p>\n<p class=\"jarvics:base-text-neutral-high-400 base-text-[calc(theme(fontSize.xs)_*_var(--font-size,_1))] base-font-normal base-font-primary base-text-neutral-low-500 base-text-left\"><strong>Chuvas de meteoros: Gemin\u00eddeos e Urs\u00eddeos<\/strong><\/p>\n<p><img decoding=\"async\" data-chromatic=\"ignore\" alt=\"\" class=\"c-image\" loading=\"lazy\" src=\"https:\/\/www.europesays.com\/pt\/wp-content\/uploads\/2025\/12\/XCURTAGQDVGSRBI2WE2467YDWQ.jpeg\"  width=\"1024\" height=\"576\"\/>Dezembro ter\u00e1 superlua fria e chuvas de meteoros espetaculares. (Imagem: Gerada por IA\/ Gemini)<br \/>\n Fala Ci\u00eancia <\/p>\n<p class=\"jarvics:base-text-neutral-high-400 base-text-[calc(theme(fontSize.xs)_*_var(--font-size,_1))] base-font-normal base-font-primary base-text-neutral-low-500 base-text-left\">\n<p>As chuvas de meteoros oferecem <strong>espet\u00e1culos celestes impressionantes<\/strong>, ideais para entusiastas e astr\u00f4nomos amadores:<\/p>\n<\/p>\n<p class=\"jarvics:base-text-neutral-high-400 base-text-[calc(theme(fontSize.xs)_*_var(--font-size,_1))] base-font-normal base-font-primary base-text-neutral-low-500 base-text-left\">\n<p><strong>Gemin\u00eddeos (14 de dezembro):<\/strong><\/p>\n<\/p>\n<p class=\"jarvics:base-text-neutral-high-400 base-text-[calc(theme(fontSize.xs)_*_var(--font-size,_1))] base-font-normal base-font-primary base-text-neutral-low-500 base-text-left\">\n<ul class=\"wp-block-list\">\n<li>At\u00e9 100 meteoros por hora em c\u00e9u escuro;<\/li>\n<li>Radiante na constela\u00e7\u00e3o de G\u00eameos;<\/li>\n<li>Melhor visibilidade ap\u00f3s a meia-noite.<\/li>\n<\/ul>\n<p class=\"jarvics:base-text-neutral-high-400 base-text-[calc(theme(fontSize.xs)_*_var(--font-size,_1))] base-font-normal base-font-primary base-text-neutral-low-500 base-text-left\">\n<p><strong>Urs\u00eddeos (22 de dezembro):<\/strong><\/p>\n<\/p>\n<p class=\"jarvics:base-text-neutral-high-400 base-text-[calc(theme(fontSize.xs)_*_var(--font-size,_1))] base-font-normal base-font-primary base-text-neutral-low-500 base-text-left\">\n<ul class=\"wp-block-list\">\n<li>Taxa de at\u00e9 10 meteoros por hora;<\/li>\n<li>Radiante na Ursa Menor;<\/li>\n<li>Mais vis\u00edvel em latitudes altas do Hemisf\u00e9rio Norte.<\/li>\n<\/ul>\n<p class=\"jarvics:base-text-neutral-high-400 base-text-[calc(theme(fontSize.xs)_*_var(--font-size,_1))] base-font-normal base-font-primary base-text-neutral-low-500 base-text-left\">\n<p>Esses eventos s\u00e3o \u00f3timas oportunidades para <strong>fotografia astron\u00f4mica<\/strong> e observa\u00e7\u00e3o a olho nu, especialmente longe da polui\u00e7\u00e3o luminosa das cidades.<\/p>\n<\/p>\n<p class=\"jarvics:base-text-neutral-high-400 base-text-[calc(theme(fontSize.xs)_*_var(--font-size,_1))] base-font-normal base-font-primary base-text-neutral-low-500 base-text-left\"><strong>Marque o calend\u00e1rio: luas e solst\u00edcio<\/strong><\/p>\n<p class=\"jarvics:base-text-neutral-high-400 base-text-[calc(theme(fontSize.xs)_*_var(--font-size,_1))] base-font-normal base-font-primary base-text-neutral-low-500 base-text-left\">\n<p>Al\u00e9m das chuvas de meteoros e da superlua, dezembro traz fases lunares importantes e o <strong>solst\u00edcio de ver\u00e3o<\/strong>:<\/p>\n<\/p>\n<p class=\"jarvics:base-text-neutral-high-400 base-text-[calc(theme(fontSize.xs)_*_var(--font-size,_1))] base-font-normal base-font-primary base-text-neutral-low-500 base-text-left\">\n<ul class=\"wp-block-list\">\n<li>\n<strong>11 de dezembro:<\/strong> Lua Minguante;<\/li>\n<li>\n<strong>19 de dezembro:<\/strong> Lua Nova;<\/li>\n<li>\n<strong>27 de dezembro:<\/strong> Lua Crescente;<\/li>\n<li>\n<strong>21 de dezembro:<\/strong> Solst\u00edcio de ver\u00e3o, com o Sol no ponto mais alto do c\u00e9u do Hemisf\u00e9rio Sul.<\/li>\n<\/ul>\n<p class=\"jarvics:base-text-neutral-high-400 base-text-[calc(theme(fontSize.xs)_*_var(--font-size,_1))] base-font-normal base-font-primary base-text-neutral-low-500 base-text-left\">\n<p>Observar essas fases auxilia no planejamento de eventos de astronomia e garante registros fotogr\u00e1ficos mais precisos do <strong>movimento lunar e solar<\/strong>.<\/p>\n<\/p>\n<p class=\"jarvics:base-text-neutral-high-400 base-text-[calc(theme(fontSize.xs)_*_var(--font-size,_1))] base-font-normal base-font-primary base-text-neutral-low-500 base-text-left\">\n<p>Em suma, dezembro de 2025 promete encantar tanto observadores casuais quanto astr\u00f4nomos amadores, com fen\u00f4menos visuais que refor\u00e7am a beleza e a complexidade do <strong>universo que nos cerca<\/strong>.<\/p><\/p>\n","protected":false},"excerpt":{"rendered":"C\u00e9u do m\u00eas traz fen\u00f4menos astron\u00f4micos imperd\u00edveis para observadores. (Imagem: Getty Images\/ Canva Pro) Fala Ci\u00eancia O \u00faltimo&hellip;\n","protected":false},"author":2,"featured_media":172578,"comment_status":"","ping_status":"","sticky":false,"template":"","format":"standard","meta":{"footnotes":""},"categories":[84],"tags":[109,107,108,32,33,105,103,104,106,110],"class_list":{"0":"post-172577","1":"post","2":"type-post","3":"status-publish","4":"format-standard","5":"has-post-thumbnail","7":"category-ciencia-e-tecnologia","8":"tag-ciencia","9":"tag-ciencia-e-tecnologia","10":"tag-cienciaetecnologia","11":"tag-portugal","12":"tag-pt","13":"tag-science","14":"tag-science-and-technology","15":"tag-scienceandtechnology","16":"tag-technology","17":"tag-tecnologia"},"share_on_mastodon":{"url":"https:\/\/pubeurope.com\/@pt\/115647429207495241","error":""},"_links":{"self":[{"href":"https:\/\/www.europesays.com\/pt\/wp-json\/wp\/v2\/posts\/172577","targetHints":{"allow":["GET"]}}],"collection":[{"href":"https:\/\/www.europesays.com\/pt\/wp-json\/wp\/v2\/posts"}],"about":[{"href":"https:\/\/www.europesays.com\/pt\/wp-json\/wp\/v2\/types\/post"}],"author":[{"embeddable":true,"href":"https:\/\/www.europesays.com\/pt\/wp-json\/wp\/v2\/users\/2"}],"replies":[{"embeddable":true,"href":"https:\/\/www.europesays.com\/pt\/wp-json\/wp\/v2\/comments?post=172577"}],"version-history":[{"count":0,"href":"https:\/\/www.europesays.com\/pt\/wp-json\/wp\/v2\/posts\/172577\/revisions"}],"wp:featuredmedia":[{"embeddable":true,"href":"https:\/\/www.europesays.com\/pt\/wp-json\/wp\/v2\/media\/172578"}],"wp:attachment":[{"href":"https:\/\/www.europesays.com\/pt\/wp-json\/wp\/v2\/media?parent=172577"}],"wp:term":[{"taxonomy":"category","embeddable":true,"href":"https:\/\/www.europesays.com\/pt\/wp-json\/wp\/v2\/categories?post=172577"},{"taxonomy":"post_tag","embeddable":true,"href":"https:\/\/www.europesays.com\/pt\/wp-json\/wp\/v2\/tags?post=172577"}],"curies":[{"name":"wp","href":"https:\/\/api.w.org\/{rel}","templated":true}]}}