{"id":172581,"date":"2025-12-02T01:49:08","date_gmt":"2025-12-02T01:49:08","guid":{"rendered":"https:\/\/www.europesays.com\/pt\/172581\/"},"modified":"2025-12-02T01:49:08","modified_gmt":"2025-12-02T01:49:08","slug":"a-protegida-laura-recebe-uma-mensagem-tocante-novelas","status":"publish","type":"post","link":"https:\/\/www.europesays.com\/pt\/172581\/","title":{"rendered":"A Protegida: Laura recebe uma mensagem tocante &#8211; Novelas"},"content":{"rendered":"<p>\t\t\t\t<a target=\"_blank\" href=\"https:\/\/tvipass.iol.pt\/passatempo\/participe-e-ganhe-5-000\/019a3a91-32db-7720-aa8c-fbc136df4538\" rel=\"nofollow noopener\"><\/p>\n<p>Ganhe 5000\u20ac em cart\u00e3o!<\/p>\n<p>Participe na APP<\/p>\n<p>\t\t          <\/a><\/p>\n<p>Em \u00abA Protegida\u00bb, Laura (Alexandra Lencastre) recebe uma mensagem de \u00d3scar (Joaquim Horta), a dizer que n\u00e3o vai desistir dela, acompanhada por uma m\u00fasica que gostava de dan\u00e7ar com ela. Laura ouve a m\u00fasica, sem revelar o que sente.<\/p>\n","protected":false},"excerpt":{"rendered":"Ganhe 5000\u20ac em cart\u00e3o! Participe na APP Em \u00abA Protegida\u00bb, Laura (Alexandra Lencastre) recebe uma mensagem de \u00d3scar&hellip;\n","protected":false},"author":2,"featured_media":172582,"comment_status":"","ping_status":"","sticky":false,"template":"","format":"standard","meta":{"footnotes":""},"categories":[142],"tags":[168,160,166,114,115,157,167,164,2931,161,158,165,159,32,33,156,163,151,162],"class_list":{"0":"post-172581","1":"post","2":"type-post","3":"status-publish","4":"format-standard","5":"has-post-thumbnail","7":"category-tv","8":"tag-a-protegida","9":"tag-ana-guiomar","10":"tag-cristina-ferreira","11":"tag-entertainment","12":"tag-entretenimento","13":"tag-festa-e-festa","14":"tag-ficcao","15":"tag-jose-fidalgo","16":"tag-novela","17":"tag-novelas","18":"tag-para-sempre","19":"tag-pedro-sousa","20":"tag-pedro-teixeira","21":"tag-portugal","22":"tag-pt","23":"tag-queridos-papas","24":"tag-tiago-teotonio-pereira","25":"tag-tv","26":"tag-tvi"},"share_on_mastodon":{"url":"https:\/\/pubeurope.com\/@pt\/115647464471061660","error":""},"_links":{"self":[{"href":"https:\/\/www.europesays.com\/pt\/wp-json\/wp\/v2\/posts\/172581","targetHints":{"allow":["GET"]}}],"collection":[{"href":"https:\/\/www.europesays.com\/pt\/wp-json\/wp\/v2\/posts"}],"about":[{"href":"https:\/\/www.europesays.com\/pt\/wp-json\/wp\/v2\/types\/post"}],"author":[{"embeddable":true,"href":"https:\/\/www.europesays.com\/pt\/wp-json\/wp\/v2\/users\/2"}],"replies":[{"embeddable":true,"href":"https:\/\/www.europesays.com\/pt\/wp-json\/wp\/v2\/comments?post=172581"}],"version-history":[{"count":0,"href":"https:\/\/www.europesays.com\/pt\/wp-json\/wp\/v2\/posts\/172581\/revisions"}],"wp:featuredmedia":[{"embeddable":true,"href":"https:\/\/www.europesays.com\/pt\/wp-json\/wp\/v2\/media\/172582"}],"wp:attachment":[{"href":"https:\/\/www.europesays.com\/pt\/wp-json\/wp\/v2\/media?parent=172581"}],"wp:term":[{"taxonomy":"category","embeddable":true,"href":"https:\/\/www.europesays.com\/pt\/wp-json\/wp\/v2\/categories?post=172581"},{"taxonomy":"post_tag","embeddable":true,"href":"https:\/\/www.europesays.com\/pt\/wp-json\/wp\/v2\/tags?post=172581"}],"curies":[{"name":"wp","href":"https:\/\/api.w.org\/{rel}","templated":true}]}}