{"id":172593,"date":"2025-12-02T02:03:11","date_gmt":"2025-12-02T02:03:11","guid":{"rendered":"https:\/\/www.europesays.com\/pt\/172593\/"},"modified":"2025-12-02T02:03:11","modified_gmt":"2025-12-02T02:03:11","slug":"a-protegida-clarice-descobre-que-jd-esta-vivo-novelas","status":"publish","type":"post","link":"https:\/\/www.europesays.com\/pt\/172593\/","title":{"rendered":"A Protegida: Clarice descobre que JD est\u00e1 vivo? &#8211; Novelas"},"content":{"rendered":"<p>Em \u00abA Protegida\u00bb, M\u00f3nica (Catarina Nifo) dorme numa cama e JD noutra. Ele tem um sono agitado. Quando acorda, M\u00f3nica est\u00e1 por cima dele, deixando-o desconfort\u00e1vel. JD v\u00ea o mar e diz que vai surfar. M\u00f3nica recebe uma chamada de Clarice (Fernanda Serrano) e JD resolve atender. JD passa o telem\u00f3vel a M\u00f3nica e diz que ningu\u00e9m falou. Clarice reconhece a voz de JD e M\u00f3nica desliga. M\u00f3nica diz a JD que era engano.<\/p>\n","protected":false},"excerpt":{"rendered":"Em \u00abA Protegida\u00bb, M\u00f3nica (Catarina Nifo) dorme numa cama e JD noutra. Ele tem um sono agitado. Quando&hellip;\n","protected":false},"author":2,"featured_media":172594,"comment_status":"","ping_status":"","sticky":false,"template":"","format":"standard","meta":{"footnotes":""},"categories":[142],"tags":[168,160,166,114,115,157,167,164,2931,161,158,165,159,32,33,156,163,151,162],"class_list":{"0":"post-172593","1":"post","2":"type-post","3":"status-publish","4":"format-standard","5":"has-post-thumbnail","7":"category-tv","8":"tag-a-protegida","9":"tag-ana-guiomar","10":"tag-cristina-ferreira","11":"tag-entertainment","12":"tag-entretenimento","13":"tag-festa-e-festa","14":"tag-ficcao","15":"tag-jose-fidalgo","16":"tag-novela","17":"tag-novelas","18":"tag-para-sempre","19":"tag-pedro-sousa","20":"tag-pedro-teixeira","21":"tag-portugal","22":"tag-pt","23":"tag-queridos-papas","24":"tag-tiago-teotonio-pereira","25":"tag-tv","26":"tag-tvi"},"share_on_mastodon":{"url":"https:\/\/pubeurope.com\/@pt\/115647519790101205","error":""},"_links":{"self":[{"href":"https:\/\/www.europesays.com\/pt\/wp-json\/wp\/v2\/posts\/172593","targetHints":{"allow":["GET"]}}],"collection":[{"href":"https:\/\/www.europesays.com\/pt\/wp-json\/wp\/v2\/posts"}],"about":[{"href":"https:\/\/www.europesays.com\/pt\/wp-json\/wp\/v2\/types\/post"}],"author":[{"embeddable":true,"href":"https:\/\/www.europesays.com\/pt\/wp-json\/wp\/v2\/users\/2"}],"replies":[{"embeddable":true,"href":"https:\/\/www.europesays.com\/pt\/wp-json\/wp\/v2\/comments?post=172593"}],"version-history":[{"count":0,"href":"https:\/\/www.europesays.com\/pt\/wp-json\/wp\/v2\/posts\/172593\/revisions"}],"wp:featuredmedia":[{"embeddable":true,"href":"https:\/\/www.europesays.com\/pt\/wp-json\/wp\/v2\/media\/172594"}],"wp:attachment":[{"href":"https:\/\/www.europesays.com\/pt\/wp-json\/wp\/v2\/media?parent=172593"}],"wp:term":[{"taxonomy":"category","embeddable":true,"href":"https:\/\/www.europesays.com\/pt\/wp-json\/wp\/v2\/categories?post=172593"},{"taxonomy":"post_tag","embeddable":true,"href":"https:\/\/www.europesays.com\/pt\/wp-json\/wp\/v2\/tags?post=172593"}],"curies":[{"name":"wp","href":"https:\/\/api.w.org\/{rel}","templated":true}]}}