{"id":172599,"date":"2025-12-02T02:07:16","date_gmt":"2025-12-02T02:07:16","guid":{"rendered":"https:\/\/www.europesays.com\/pt\/172599\/"},"modified":"2025-12-02T02:07:16","modified_gmt":"2025-12-02T02:07:16","slug":"dgs-rejeita-discriminacao-e-diz-que-publicou-imagem-disponibilizada-pela-onusida-saude","status":"publish","type":"post","link":"https:\/\/www.europesays.com\/pt\/172599\/","title":{"rendered":"DGS rejeita discrimina\u00e7\u00e3o e diz que publicou imagem disponibilizada pela ONUSIDA | Sa\u00fade"},"content":{"rendered":"<p>A Dire\u00e7\u00e3o-Geral da Sa\u00fade (DGS) rejeitou hoje qualquer &#8220;discrimina\u00e7\u00e3o seja por que motivo for&#8221;, depois de coment\u00e1rios de desagrado, alegando que se limitou a publicar uma imagem da ONUSIDA sobre o Dia Internacional da Luta Contra a Sida.<\/p>\n<p>&#8220;A DGS rejeita discrimina\u00e7\u00e3o seja por que motivo for, designadamente, sexo, ra\u00e7a, cor, origem \u00e9tnica ou social ou outros&#8221;, de acordo com a Carta dos Direitos Fundamentais da Uni\u00e3o Europeia, adiantou a autoridade de sa\u00fade \u00e0 ag\u00eancia Lusa.<\/p>\n<p>Em causa est\u00e1 uma publica\u00e7\u00e3o que a DGS fez hoje nas suas redes sociais de uma imagem da disponibilizada pela ONUSIDA, no \u00e2mbito do Dia Internacional da Luta contra a Sida, e que apresenta tr\u00eas pessoas negras com o bra\u00e7o levantado e com a frase &#8220;A Sida n\u00e3o acabou&#8221; e que mereceu v\u00e1rios coment\u00e1rios de desagrado.<\/p>\n<p>                &#13;<br \/>\n                    &#13;<br \/>\n                    &#13;<br \/>\n                        O cartaz em causa&#13;<br \/>\nDGS\/ONUSIDA                    &#13;<\/p>\n<p>&#8220;A DGS, por ocasi\u00e3o do Dia Mundial da Sida, partilhou hoje uma imagem produzida e disponibilizada pela ONUSIDA para o Dia Internacional da Luta contra a Sida, com a devida tradu\u00e7\u00e3o em portugu\u00eas. A mesma foi partilhada com parceiros comunit\u00e1rios e por alguns igualmente divulgada&#8221;, adiantou.<\/p>\n<p>Durante o dia, a DGS substituiu a imagem que tinha publicado pelo post original da ONUSIDA com a mesma mensagem, mas em ingl\u00eas (Aids is not over), alegando que assim pretendia contribuir para a percep\u00e7\u00e3o da mensagem e da sua origem e &#8220;sempre em pleno respeito pelos direitos humanos&#8221;.<\/p>\n<p>Segundo referiu, a imagem da campanha pretende alertar que a Sida &#8220;ainda n\u00e3o acabou e que h\u00e1 um caminho a percorrer, em todo o mundo, para mitigar os riscos e alcan\u00e7ar&#8221; a meta dos Objectivos de Desenvolvimento Sustent\u00e1vel de acabar com a SIDA at\u00e9 2030.<\/p>\n","protected":false},"excerpt":{"rendered":"A Dire\u00e7\u00e3o-Geral da Sa\u00fade (DGS) rejeitou hoje qualquer &#8220;discrimina\u00e7\u00e3o seja por que motivo for&#8221;, depois de coment\u00e1rios de&hellip;\n","protected":false},"author":2,"featured_media":172600,"comment_status":"","ping_status":"","sticky":false,"template":"","format":"standard","meta":{"footnotes":""},"categories":[86],"tags":[3026,116,32,33,11099,117,3497,58,6942],"class_list":{"0":"post-172599","1":"post","2":"type-post","3":"status-publish","4":"format-standard","5":"has-post-thumbnail","7":"category-saude","8":"tag-direitos-humanos","9":"tag-health","10":"tag-portugal","11":"tag-pt","12":"tag-racismo","13":"tag-saude","14":"tag-sida","15":"tag-sociedade","16":"tag-vih"},"share_on_mastodon":{"url":"https:\/\/pubeurope.com\/@pt\/115647535068413077","error":""},"_links":{"self":[{"href":"https:\/\/www.europesays.com\/pt\/wp-json\/wp\/v2\/posts\/172599","targetHints":{"allow":["GET"]}}],"collection":[{"href":"https:\/\/www.europesays.com\/pt\/wp-json\/wp\/v2\/posts"}],"about":[{"href":"https:\/\/www.europesays.com\/pt\/wp-json\/wp\/v2\/types\/post"}],"author":[{"embeddable":true,"href":"https:\/\/www.europesays.com\/pt\/wp-json\/wp\/v2\/users\/2"}],"replies":[{"embeddable":true,"href":"https:\/\/www.europesays.com\/pt\/wp-json\/wp\/v2\/comments?post=172599"}],"version-history":[{"count":0,"href":"https:\/\/www.europesays.com\/pt\/wp-json\/wp\/v2\/posts\/172599\/revisions"}],"wp:featuredmedia":[{"embeddable":true,"href":"https:\/\/www.europesays.com\/pt\/wp-json\/wp\/v2\/media\/172600"}],"wp:attachment":[{"href":"https:\/\/www.europesays.com\/pt\/wp-json\/wp\/v2\/media?parent=172599"}],"wp:term":[{"taxonomy":"category","embeddable":true,"href":"https:\/\/www.europesays.com\/pt\/wp-json\/wp\/v2\/categories?post=172599"},{"taxonomy":"post_tag","embeddable":true,"href":"https:\/\/www.europesays.com\/pt\/wp-json\/wp\/v2\/tags?post=172599"}],"curies":[{"name":"wp","href":"https:\/\/api.w.org\/{rel}","templated":true}]}}