{"id":172606,"date":"2025-12-02T02:20:19","date_gmt":"2025-12-02T02:20:19","guid":{"rendered":"https:\/\/www.europesays.com\/pt\/172606\/"},"modified":"2025-12-02T02:20:19","modified_gmt":"2025-12-02T02:20:19","slug":"kika-nazareth-vai-mesmo-falhar-reencontro-com-o-benfica","status":"publish","type":"post","link":"https:\/\/www.europesays.com\/pt\/172606\/","title":{"rendered":"Kika Nazareth vai mesmo falhar reencontro com o Benfica"},"content":{"rendered":"<p>Depois de <a href=\"https:\/\/sapo.pt\/artigo\/kika-nazareth-e-dispensada-da-selecao-a-feminina-e-falha-jogo-com-brasil-692b379e592b81ae93d13432\" target=\"_blank\" rel=\"noreferrer noopener nofollow\">ter sa\u00eddo lesionada no \u00faltimo jogo da Sele\u00e7\u00e3o Nacional<\/a>, na derrota frente aos Pa\u00edses Baixos, Kika Nazareth foi diagnosticada com uma entorse nos ligamentos do tornozelo.<\/p>\n<p><a href=\"https:\/\/sapo.pt\/artigo\/kika-nazareth-vai-mesmo-falhar-reencontro-com-o-benfica-692dc95fd79d44a5cdbff216\" target=\"_blank\" rel=\"noreferrer noopener nofollow\">&#8211; Tudo sobre o desporto nacional e internacional em<b id=\"s-b-embed-692\" data-stringify-type=\"bold\">\u00a0<\/b><b>sportinforma.sapo.pt &#8211;<\/b><\/a><\/p>\n<p>A les\u00e3o da centrocampista do Barcelona vai impedi-a de defrontar o Benfica, sua antiga equipa, na Liga dos Campe\u00f5es feminina.<\/p>\n<p>Em comunicado, o Bar\u00e7a explicou que o tempo de recupera\u00e7\u00e3o ser\u00e1 de tr\u00eas semanas.<\/p>\n<p>O Barcelona defronta o Benfica a 10 de dezembro, na Luz.<\/p>\n","protected":false},"excerpt":{"rendered":"Depois de ter sa\u00eddo lesionada no \u00faltimo jogo da Sele\u00e7\u00e3o Nacional, na derrota frente aos Pa\u00edses Baixos, Kika&hellip;\n","protected":false},"author":2,"featured_media":172607,"comment_status":"","ping_status":"","sticky":false,"template":"","format":"standard","meta":{"footnotes":""},"categories":[87],"tags":[135,32,33,134],"class_list":{"0":"post-172606","1":"post","2":"type-post","3":"status-publish","4":"format-standard","5":"has-post-thumbnail","7":"category-desporto","8":"tag-desporto","9":"tag-portugal","10":"tag-pt","11":"tag-sports"},"share_on_mastodon":{"url":"https:\/\/pubeurope.com\/@pt\/115647586206242146","error":""},"_links":{"self":[{"href":"https:\/\/www.europesays.com\/pt\/wp-json\/wp\/v2\/posts\/172606","targetHints":{"allow":["GET"]}}],"collection":[{"href":"https:\/\/www.europesays.com\/pt\/wp-json\/wp\/v2\/posts"}],"about":[{"href":"https:\/\/www.europesays.com\/pt\/wp-json\/wp\/v2\/types\/post"}],"author":[{"embeddable":true,"href":"https:\/\/www.europesays.com\/pt\/wp-json\/wp\/v2\/users\/2"}],"replies":[{"embeddable":true,"href":"https:\/\/www.europesays.com\/pt\/wp-json\/wp\/v2\/comments?post=172606"}],"version-history":[{"count":0,"href":"https:\/\/www.europesays.com\/pt\/wp-json\/wp\/v2\/posts\/172606\/revisions"}],"wp:featuredmedia":[{"embeddable":true,"href":"https:\/\/www.europesays.com\/pt\/wp-json\/wp\/v2\/media\/172607"}],"wp:attachment":[{"href":"https:\/\/www.europesays.com\/pt\/wp-json\/wp\/v2\/media?parent=172606"}],"wp:term":[{"taxonomy":"category","embeddable":true,"href":"https:\/\/www.europesays.com\/pt\/wp-json\/wp\/v2\/categories?post=172606"},{"taxonomy":"post_tag","embeddable":true,"href":"https:\/\/www.europesays.com\/pt\/wp-json\/wp\/v2\/tags?post=172606"}],"curies":[{"name":"wp","href":"https:\/\/api.w.org\/{rel}","templated":true}]}}