{"id":172612,"date":"2025-12-02T02:28:21","date_gmt":"2025-12-02T02:28:21","guid":{"rendered":"https:\/\/www.europesays.com\/pt\/172612\/"},"modified":"2025-12-02T02:28:21","modified_gmt":"2025-12-02T02:28:21","slug":"fernanda-lima-revela-ter-recebido-apenas-um-presente-de-rodrigo-hilbert-em-quase-25-anos","status":"publish","type":"post","link":"https:\/\/www.europesays.com\/pt\/172612\/","title":{"rendered":"Fernanda Lima revela ter recebido apenas um presente de Rodrigo Hilbert em quase 25 anos"},"content":{"rendered":"\n<p class=\"autor\">Por Ana Clara Cottecco\/Folhapress<\/p>\n<p>Fernanda Lima contou que recebeu apenas um presente de Rodrigo Hilbert em quase 25 anos de relacionamento. A apresentadora mostrou, no seu podcast TerapiRa, um casti\u00e7al montado pelo marido com pe\u00e7as reaproveitadas de casa e da cozinha e disse que esse foi o \u00fanico mimo &#8220;oficial&#8221; que ganhou dele em todo esse tempo.<\/p>\n<p>No programa, Fernanda explicou que nunca recebeu nada comprado em loja por Rodrigo e que isso nunca foi um problema entre eles.&#8221;O guri tem mais de 20 anos de casado e nunca me deu nada que comprou em uma loja. Tudo ele fez ou faz&#8221;, disse.<\/p>\n<p>Ela tamb\u00e9m comentou que n\u00e3o gosta de avisar ao parceiro sobre datas especiais nem de fazer lista de pedidos. &#8220;Vejo amigas falando para os maridos: &#8216;Olha, j\u00e1 vai chegar o meu anivers\u00e1rio, Dia dos Namorados&#8230;&#8217;. N\u00e3o \u00e9 uma coisa que me agrada pedir coisas ou avisar sobre meu anivers\u00e1rio&#8221;, afirmou.<\/p>\n<p>Fernanda refor\u00e7ou que n\u00e3o se apega a presentes materiais porque tem liberdade financeira para comprar o que deseja com o pr\u00f3prio trabalho. &#8220;N\u00e3o quero nada material dele, e para mim est\u00e1 tudo certo. Essa coisa de: &#8216;[Quero] um anel, uma alian\u00e7a&#8230;&#8217; eu vou trabalhar para comprar, como sempre fiz. N\u00e3o que eu ache ruim, adoraria ganhar alguma coisa, mas n\u00e3o \u00e9 a nossa gira&#8221;, resumiu.<\/p>\n<p>Fernanda Lima e Rodrigo Hilbert come\u00e7aram a namorar em 2001 e oficializaram a uni\u00e3o em 2021, em uma cerim\u00f4nia \u00edntima no s\u00edtio da fam\u00edlia. O casal tem tr\u00eas filhos juntos.<\/p>\n","protected":false},"excerpt":{"rendered":"Por Ana Clara Cottecco\/Folhapress Fernanda Lima contou que recebeu apenas um presente de Rodrigo Hilbert em quase 25&hellip;\n","protected":false},"author":2,"featured_media":172613,"comment_status":"","ping_status":"","sticky":false,"template":"","format":"standard","meta":{"footnotes":""},"categories":[145],"tags":[996,1435,36055,211,210,2683,36052,114,115,981,3869,1870,3747,36057,36053,1017,803,32,16419,36056,33,19885,1978,13403,36054,849],"class_list":{"0":"post-172612","1":"post","2":"type-post","3":"status-publish","4":"format-standard","5":"has-post-thumbnail","7":"category-celebridades","8":"tag-aniversario","9":"tag-casamento","10":"tag-castical","11":"tag-celebridades","12":"tag-celebrities","13":"tag-cerimonia","14":"tag-dia-dos-namorados","15":"tag-entertainment","16":"tag-entretenimento","17":"tag-familia","18":"tag-fernanda-lima","19":"tag-filhos","20":"tag-intimidade","21":"tag-liberdade-financeira","22":"tag-mimo","23":"tag-namoro","24":"tag-podcast","25":"tag-portugal","26":"tag-presente","27":"tag-presentes-materiais","28":"tag-pt","29":"tag-reaproveitamento","30":"tag-relacionamento","31":"tag-rodrigo-hilbert","32":"tag-terapira","33":"tag-trabalho"},"share_on_mastodon":{"url":"https:\/\/pubeurope.com\/@pt\/115647617594347995","error":""},"_links":{"self":[{"href":"https:\/\/www.europesays.com\/pt\/wp-json\/wp\/v2\/posts\/172612","targetHints":{"allow":["GET"]}}],"collection":[{"href":"https:\/\/www.europesays.com\/pt\/wp-json\/wp\/v2\/posts"}],"about":[{"href":"https:\/\/www.europesays.com\/pt\/wp-json\/wp\/v2\/types\/post"}],"author":[{"embeddable":true,"href":"https:\/\/www.europesays.com\/pt\/wp-json\/wp\/v2\/users\/2"}],"replies":[{"embeddable":true,"href":"https:\/\/www.europesays.com\/pt\/wp-json\/wp\/v2\/comments?post=172612"}],"version-history":[{"count":0,"href":"https:\/\/www.europesays.com\/pt\/wp-json\/wp\/v2\/posts\/172612\/revisions"}],"wp:featuredmedia":[{"embeddable":true,"href":"https:\/\/www.europesays.com\/pt\/wp-json\/wp\/v2\/media\/172613"}],"wp:attachment":[{"href":"https:\/\/www.europesays.com\/pt\/wp-json\/wp\/v2\/media?parent=172612"}],"wp:term":[{"taxonomy":"category","embeddable":true,"href":"https:\/\/www.europesays.com\/pt\/wp-json\/wp\/v2\/categories?post=172612"},{"taxonomy":"post_tag","embeddable":true,"href":"https:\/\/www.europesays.com\/pt\/wp-json\/wp\/v2\/tags?post=172612"}],"curies":[{"name":"wp","href":"https:\/\/api.w.org\/{rel}","templated":true}]}}