{"id":172614,"date":"2025-12-02T02:31:21","date_gmt":"2025-12-02T02:31:21","guid":{"rendered":"https:\/\/www.europesays.com\/pt\/172614\/"},"modified":"2025-12-02T02:31:21","modified_gmt":"2025-12-02T02:31:21","slug":"rita-almeida-em-momento-de-despedida-que-sejas-o-melhor","status":"publish","type":"post","link":"https:\/\/www.europesays.com\/pt\/172614\/","title":{"rendered":"Rita Almeida em momento de despedida: &#8220;Que sejas o melhor&#8221;"},"content":{"rendered":"<p>Esta segunda-feira, dia 1, marca o come\u00e7o de dezembro e, por esse motivo, muitos famosos t\u00eam recorrido ao Instagram para se despedirem de novembro e darem as boas-vindas ao novo m\u00eas.<\/p>\n<p>Foi o caso de <a href=\"https:\/\/selfie.iol.pt\/famosos\/casa-dos-segredos\/e-esta-ha-um-pequeno-detalhe-que-une-rita-almeida-a-sara-carreira\/20251129\/692afd0bd34e2bd5c6d49289\" target=\"_blank\" rel=\"nofollow noopener\">Rita Almeida<\/a>. &#8220;Adeus, novembro. Ol\u00e1, dezembro. \u00c9s o \u00faltimo m\u00eas do ano. Que sejas o melhor&#8221;, assinalou a ex-concorrente de &#8220;<a href=\"https:\/\/tvi.iol.pt\/secretstory\/\" target=\"_blank\" rel=\"nofollow noopener\">Secret Story &#8211; Casa dos Segredos<\/a>&#8221; na legenda de uma s\u00e9rie de fotografias que resume como a pr\u00f3pria aproveitou estes \u00faltimos 30 dias.<\/p>\n<p>Veja, agora, as imagens partilhadas por Rita Almeida na galeria de fotografias que prepar\u00e1mos para si.<\/p>\n","protected":false},"excerpt":{"rendered":"Esta segunda-feira, dia 1, marca o come\u00e7o de dezembro e, por esse motivo, muitos famosos t\u00eam recorrido ao&hellip;\n","protected":false},"author":2,"featured_media":172615,"comment_status":"","ping_status":"","sticky":false,"template":"","format":"standard","meta":{"footnotes":""},"categories":[142],"tags":[2632,114,115,980,1015,619,32,33,1014,12639,1315,1012,151,162],"class_list":{"0":"post-172614","1":"post","2":"type-post","3":"status-publish","4":"format-standard","5":"has-post-thumbnail","7":"category-tv","8":"tag-casa-dos-segredos","9":"tag-entertainment","10":"tag-entretenimento","11":"tag-famosos","12":"tag-instagram","13":"tag-nacional","14":"tag-portugal","15":"tag-pt","16":"tag-reality-show","17":"tag-rita-almeida","18":"tag-secret-story","19":"tag-selfie","20":"tag-tv","21":"tag-tvi"},"share_on_mastodon":{"url":"https:\/\/pubeurope.com\/@pt\/115647629398651431","error":""},"_links":{"self":[{"href":"https:\/\/www.europesays.com\/pt\/wp-json\/wp\/v2\/posts\/172614","targetHints":{"allow":["GET"]}}],"collection":[{"href":"https:\/\/www.europesays.com\/pt\/wp-json\/wp\/v2\/posts"}],"about":[{"href":"https:\/\/www.europesays.com\/pt\/wp-json\/wp\/v2\/types\/post"}],"author":[{"embeddable":true,"href":"https:\/\/www.europesays.com\/pt\/wp-json\/wp\/v2\/users\/2"}],"replies":[{"embeddable":true,"href":"https:\/\/www.europesays.com\/pt\/wp-json\/wp\/v2\/comments?post=172614"}],"version-history":[{"count":0,"href":"https:\/\/www.europesays.com\/pt\/wp-json\/wp\/v2\/posts\/172614\/revisions"}],"wp:featuredmedia":[{"embeddable":true,"href":"https:\/\/www.europesays.com\/pt\/wp-json\/wp\/v2\/media\/172615"}],"wp:attachment":[{"href":"https:\/\/www.europesays.com\/pt\/wp-json\/wp\/v2\/media?parent=172614"}],"wp:term":[{"taxonomy":"category","embeddable":true,"href":"https:\/\/www.europesays.com\/pt\/wp-json\/wp\/v2\/categories?post=172614"},{"taxonomy":"post_tag","embeddable":true,"href":"https:\/\/www.europesays.com\/pt\/wp-json\/wp\/v2\/tags?post=172614"}],"curies":[{"name":"wp","href":"https:\/\/api.w.org\/{rel}","templated":true}]}}