{"id":172620,"date":"2025-12-02T02:35:09","date_gmt":"2025-12-02T02:35:09","guid":{"rendered":"https:\/\/www.europesays.com\/pt\/172620\/"},"modified":"2025-12-02T02:35:09","modified_gmt":"2025-12-02T02:35:09","slug":"oms-emite-diretriz-global-sobre-canetas-emagrecedoras-01-12-2025-equilibrio-e-saude","status":"publish","type":"post","link":"https:\/\/www.europesays.com\/pt\/172620\/","title":{"rendered":"OMS emite diretriz global sobre canetas emagrecedoras &#8211; 01\/12\/2025 &#8211; Equil\u00edbrio e Sa\u00fade"},"content":{"rendered":"<p>A<a href=\"https:\/\/www1.folha.uol.com.br\/folha-topicos\/oms\/\" rel=\"nofollow noopener\" target=\"\"> OMS (Organiza\u00e7\u00e3o Mundial da Sa\u00fade)<\/a> lan\u00e7ou nesta segunda-feira (1\u00ba) a primeira diretriz sobre o uso de terapias com GLP-1, as chamadas canetas emagrecedoras, para tratar a <a href=\"https:\/\/www1.folha.uol.com.br\/folha-topicos\/obesidade\/\" rel=\"nofollow noopener\" target=\"\">obesidade<\/a>.<\/p>\n<p>A nova orienta\u00e7\u00e3o cont\u00e9m duas recomenda\u00e7\u00f5es principais: primeiro, as terapias podem ser usadas por adultos, <a href=\"https:\/\/www1.folha.uol.com.br\/equilibrioesaude\/2025\/11\/interromper-o-uso-de-semaglutida-no-inicio-da-gestacao-levou-a-maior-ganho-de-peso-diz-estudo.shtml\" rel=\"nofollow noopener\" target=\"\">excluindo mulheres gr\u00e1vidas,<\/a> para o tratamento a longo prazo da obesidade. Al\u00e9m disso, interven\u00e7\u00f5es estruturadas de comportamento, incluindo dietas e atividades f\u00edsicas, devem ser oferecidas \u00e0queles que se utilizam do tratamento.<\/p>\n<p>&#8220;Embora a efic\u00e1cia dessas terapias no tratamento da obesidade e na melhoria dos resultados metab\u00f3licos e outros seja evidente, a recomenda\u00e7\u00e3o \u00e9 condicional devido a dados limitados sobre sua efic\u00e1cia e seguran\u00e7a a longo prazo, manuten\u00e7\u00e3o e descontinua\u00e7\u00e3o, seus custos atuais, prepara\u00e7\u00e3o inadequada do sistema de sa\u00fade e potenciais implica\u00e7\u00f5es de equidade&#8221;, diz comunicado.<\/p>\n<p>Segundo a OMS, a organiza\u00e7\u00e3o desenvolveu a diretriz em resposta a pedidos de seus estados-membros que buscam enfrentar os desafios impostos pela obesidade. A doen\u00e7a foi <a href=\"https:\/\/www1.folha.uol.com.br\/equilibrioesaude\/2025\/03\/brasil-pode-ter-119-milhoes-de-adultos-com-peso-acima-do-ideal-em-2030.shtml\" rel=\"nofollow noopener\" target=\"\">associada a 3,7 milh\u00f5es de mortes <\/a>em todo o mundo em 2024 e, sem a\u00e7\u00e3o decisiva, o n\u00famero de pessoas deve dobrar at\u00e9 2030.<\/p>\n<p>A diretriz \u00e9 um resultado do plano de acelera\u00e7\u00e3o da organiza\u00e7\u00e3o para deter a doen\u00e7a e ser\u00e1 atualizada \u00e0 medida que novas emerg\u00eancias surgirem, aponta a OMS. A entidade pediu a\u00e7\u00e3o urgente na fabrica\u00e7\u00e3o, acessibilidade e prontid\u00e3o do sistema para atender \u00e0s necessidades globais.<\/p>\n<p>Mesmo com a r\u00e1pida expans\u00e3o na produ\u00e7\u00e3o, a organiza\u00e7\u00e3o projeta que as terapias com GLP-1 alcan\u00e7ar\u00e3o menos de 10% daqueles que poderiam se beneficiar at\u00e9 2030. A diretriz convoca a comunidade global a considerar estrat\u00e9gias para expandir o acesso, como compras agrupadas, pre\u00e7os escalonados e licenciamento volunt\u00e1rio, entre outros.<\/p>\n<p>A diretriz refor\u00e7a que os medicamentos sozinhos n\u00e3o resolver\u00e3o o problema global da obesidade, e defende a cria\u00e7\u00e3o de pol\u00edticas robustas em n\u00edvel populacional e interven\u00e7\u00f5es estruturais precoces.<\/p>\n<p>Em setembro, a OMS adicionou as terapias com GLP-1 \u00e0 sua lista de medicamentos essenciais para o manejo do diabetes tipo 2 em grupos de alto risco.<\/p>\n<p>A obesidade \u00e9 uma doen\u00e7a cr\u00f4nica complexa e um importante impulsionador de doen\u00e7as n\u00e3o transmiss\u00edveis, como doen\u00e7as cardiovasculares, diabetes tipo 2 e alguns tipos de c\u00e2ncer. Tamb\u00e9m contribui para piores resultados em pacientes com doen\u00e7as infecciosas.<\/p>\n<p>Al\u00e9m de seus impactos na sa\u00fade, o custo econ\u00f4mico global da obesidade deve atingir US$ 3 trilh\u00f5es anualmente at\u00e9 2030. A diretriz pode ajudar nos esfor\u00e7os para reduzir os custos de sa\u00fade crescentes associados ao manejo da condi\u00e7\u00e3o e complica\u00e7\u00f5es de sa\u00fade relacionadas.<\/p>\n","protected":false},"excerpt":{"rendered":"A OMS (Organiza\u00e7\u00e3o Mundial da Sa\u00fade) lan\u00e7ou nesta segunda-feira (1\u00ba) a primeira diretriz sobre o uso de terapias&hellip;\n","protected":false},"author":2,"featured_media":170669,"comment_status":"","ping_status":"","sticky":false,"template":"","format":"standard","meta":{"footnotes":""},"categories":[86],"tags":[1024,5568,1026,236,1023,116,3083,4123,1022,2778,1025,32,33,117],"class_list":{"0":"post-172620","1":"post","2":"type-post","3":"status-publish","4":"format-standard","5":"has-post-thumbnail","7":"category-saude","8":"tag-atividade-fisica","9":"tag-canetas-emagrecedoras","10":"tag-emagrecimento","11":"tag-folha","12":"tag-gordura","13":"tag-health","14":"tag-medicamentos","15":"tag-mounjaro","16":"tag-obesidade","17":"tag-oms","18":"tag-ozempic","19":"tag-portugal","20":"tag-pt","21":"tag-saude"},"share_on_mastodon":{"url":"https:\/\/pubeurope.com\/@pt\/115647645134499435","error":""},"_links":{"self":[{"href":"https:\/\/www.europesays.com\/pt\/wp-json\/wp\/v2\/posts\/172620","targetHints":{"allow":["GET"]}}],"collection":[{"href":"https:\/\/www.europesays.com\/pt\/wp-json\/wp\/v2\/posts"}],"about":[{"href":"https:\/\/www.europesays.com\/pt\/wp-json\/wp\/v2\/types\/post"}],"author":[{"embeddable":true,"href":"https:\/\/www.europesays.com\/pt\/wp-json\/wp\/v2\/users\/2"}],"replies":[{"embeddable":true,"href":"https:\/\/www.europesays.com\/pt\/wp-json\/wp\/v2\/comments?post=172620"}],"version-history":[{"count":0,"href":"https:\/\/www.europesays.com\/pt\/wp-json\/wp\/v2\/posts\/172620\/revisions"}],"wp:featuredmedia":[{"embeddable":true,"href":"https:\/\/www.europesays.com\/pt\/wp-json\/wp\/v2\/media\/170669"}],"wp:attachment":[{"href":"https:\/\/www.europesays.com\/pt\/wp-json\/wp\/v2\/media?parent=172620"}],"wp:term":[{"taxonomy":"category","embeddable":true,"href":"https:\/\/www.europesays.com\/pt\/wp-json\/wp\/v2\/categories?post=172620"},{"taxonomy":"post_tag","embeddable":true,"href":"https:\/\/www.europesays.com\/pt\/wp-json\/wp\/v2\/tags?post=172620"}],"curies":[{"name":"wp","href":"https:\/\/api.w.org\/{rel}","templated":true}]}}