{"id":172621,"date":"2025-12-02T02:37:09","date_gmt":"2025-12-02T02:37:09","guid":{"rendered":"https:\/\/www.europesays.com\/pt\/172621\/"},"modified":"2025-12-02T02:37:09","modified_gmt":"2025-12-02T02:37:09","slug":"remake-de-splinter-cell-nao-esta-morto","status":"publish","type":"post","link":"https:\/\/www.europesays.com\/pt\/172621\/","title":{"rendered":"Remake de Splinter Cell n\u00e3o est\u00e1 morto"},"content":{"rendered":"<p>O remake de Splinter Cell, aquele que pens\u00e1vamos que estava esquecido, acaba de ganhar um novo f\u00f4lego: o criador David Grivel regressou \u00e0 Ubisoft Toronto como diretor do projeto.<\/p>\n<p>Grivel estava \u00e0 frente do projeto desde 2021, mas deixou a empresa em 2022 para trabalhar noutros jogos. Regressa agora com um comunicado muito simples mas eficiente: \u201cEstou de regresso\u201d, escreveu ele no LinkedIn.<\/p>\n<p>Isto significa que o remake, que j\u00e1 tinha sido confirmado que estava a ser desenvolvido com o motor Snowdrop (o mesmo de v\u00e1rios jogos da Ubisoft) e que deveria ser lan\u00e7ado em 2026, continua em vivo.<\/p>\n<p>Claro que isto n\u00e3o significa que vamos ter novidades j\u00e1 amanh\u00e3: n\u00e3o existe uma data de lan\u00e7amento certa ou uma garantia de que 2026 continue a ser o objetivo. Mas para quem j\u00e1 tinha desistido&#8230; o regresso de David Grive prova que o est\u00fadio ainda acredita no jogo.<\/p>\n<p><a href=\"https:\/\/insider-gaming.com\/splinter-cell-remake-director\/\" rel=\"nofollow noopener\" target=\"_blank\">Fonte<\/a><\/p>\n","protected":false},"excerpt":{"rendered":"O remake de Splinter Cell, aquele que pens\u00e1vamos que estava esquecido, acaba de ganhar um novo f\u00f4lego: o&hellip;\n","protected":false},"author":2,"featured_media":172622,"comment_status":"","ping_status":"","sticky":false,"template":"","format":"standard","meta":{"footnotes":""},"categories":[84],"tags":[109,107,108,32,33,105,103,104,106,110],"class_list":{"0":"post-172621","1":"post","2":"type-post","3":"status-publish","4":"format-standard","5":"has-post-thumbnail","7":"category-ciencia-e-tecnologia","8":"tag-ciencia","9":"tag-ciencia-e-tecnologia","10":"tag-cienciaetecnologia","11":"tag-portugal","12":"tag-pt","13":"tag-science","14":"tag-science-and-technology","15":"tag-scienceandtechnology","16":"tag-technology","17":"tag-tecnologia"},"share_on_mastodon":{"url":"https:\/\/pubeurope.com\/@pt\/115647653064388038","error":""},"_links":{"self":[{"href":"https:\/\/www.europesays.com\/pt\/wp-json\/wp\/v2\/posts\/172621","targetHints":{"allow":["GET"]}}],"collection":[{"href":"https:\/\/www.europesays.com\/pt\/wp-json\/wp\/v2\/posts"}],"about":[{"href":"https:\/\/www.europesays.com\/pt\/wp-json\/wp\/v2\/types\/post"}],"author":[{"embeddable":true,"href":"https:\/\/www.europesays.com\/pt\/wp-json\/wp\/v2\/users\/2"}],"replies":[{"embeddable":true,"href":"https:\/\/www.europesays.com\/pt\/wp-json\/wp\/v2\/comments?post=172621"}],"version-history":[{"count":0,"href":"https:\/\/www.europesays.com\/pt\/wp-json\/wp\/v2\/posts\/172621\/revisions"}],"wp:featuredmedia":[{"embeddable":true,"href":"https:\/\/www.europesays.com\/pt\/wp-json\/wp\/v2\/media\/172622"}],"wp:attachment":[{"href":"https:\/\/www.europesays.com\/pt\/wp-json\/wp\/v2\/media?parent=172621"}],"wp:term":[{"taxonomy":"category","embeddable":true,"href":"https:\/\/www.europesays.com\/pt\/wp-json\/wp\/v2\/categories?post=172621"},{"taxonomy":"post_tag","embeddable":true,"href":"https:\/\/www.europesays.com\/pt\/wp-json\/wp\/v2\/tags?post=172621"}],"curies":[{"name":"wp","href":"https:\/\/api.w.org\/{rel}","templated":true}]}}