{"id":172623,"date":"2025-12-02T02:41:12","date_gmt":"2025-12-02T02:41:12","guid":{"rendered":"https:\/\/www.europesays.com\/pt\/172623\/"},"modified":"2025-12-02T02:41:12","modified_gmt":"2025-12-02T02:41:12","slug":"barbudo-chegou-de-barco-a-aveiro-para-encantar-multidao","status":"publish","type":"post","link":"https:\/\/www.europesays.com\/pt\/172623\/","title":{"rendered":"&#8220;Barbudo&#8221; chegou de barco a Aveiro para encantar multid\u00e3o"},"content":{"rendered":"<p data-remotead-prev-elm=\"true\" data-remotead-elm-id=\"inread\">Todos ficaram maravilhados. Qualquer que fosse o sotaque dos que, ao final da tarde desta segunda-feira, se juntaram no Cais da Fonte Nova, em Aveiro, para ver chegar o Pai Natal, assistir ao espet\u00e1culo piromusical e ver a \u00e1rvore de Natal iluminada. E no &#8220;sapatinho&#8221; querem presentes similares: sa\u00fade, paz, a fam\u00edlia \u00e0 mesa e conseguir avan\u00e7ar na fila para as crian\u00e7as se sentarem ao colo do &#8220;barbudo&#8221;, que veio de barco moliceiro, acompanhado de uma comitiva de entusiastas que encheu outras nove embarca\u00e7\u00f5es.<\/p>\n","protected":false},"excerpt":{"rendered":"Todos ficaram maravilhados. Qualquer que fosse o sotaque dos que, ao final da tarde desta segunda-feira, se juntaram&hellip;\n","protected":false},"author":2,"featured_media":172624,"comment_status":"","ping_status":"","sticky":false,"template":"","format":"standard","meta":{"footnotes":""},"categories":[8],"tags":[27,28,20387,15,16,14,25,26,21,22,7561,12,13,19,20,32,23,24,33,17,18,29,30,31],"class_list":{"0":"post-172623","1":"post","2":"type-post","3":"status-publish","4":"format-standard","5":"has-post-thumbnail","7":"category-principais-noticias","8":"tag-breaking-news","9":"tag-breakingnews","10":"tag-concelho-aveiro","11":"tag-featured-news","12":"tag-featurednews","13":"tag-headlines","14":"tag-latest-news","15":"tag-latestnews","16":"tag-main-news","17":"tag-mainnews","18":"tag-natal","19":"tag-news","20":"tag-noticias","21":"tag-noticias-principais","22":"tag-noticiasprincipais","23":"tag-portugal","24":"tag-principais-noticias","25":"tag-principaisnoticias","26":"tag-pt","27":"tag-top-stories","28":"tag-topstories","29":"tag-ultimas","30":"tag-ultimas-noticias","31":"tag-ultimasnoticias"},"share_on_mastodon":{"url":"https:\/\/pubeurope.com\/@pt\/115647668861339249","error":""},"_links":{"self":[{"href":"https:\/\/www.europesays.com\/pt\/wp-json\/wp\/v2\/posts\/172623","targetHints":{"allow":["GET"]}}],"collection":[{"href":"https:\/\/www.europesays.com\/pt\/wp-json\/wp\/v2\/posts"}],"about":[{"href":"https:\/\/www.europesays.com\/pt\/wp-json\/wp\/v2\/types\/post"}],"author":[{"embeddable":true,"href":"https:\/\/www.europesays.com\/pt\/wp-json\/wp\/v2\/users\/2"}],"replies":[{"embeddable":true,"href":"https:\/\/www.europesays.com\/pt\/wp-json\/wp\/v2\/comments?post=172623"}],"version-history":[{"count":0,"href":"https:\/\/www.europesays.com\/pt\/wp-json\/wp\/v2\/posts\/172623\/revisions"}],"wp:featuredmedia":[{"embeddable":true,"href":"https:\/\/www.europesays.com\/pt\/wp-json\/wp\/v2\/media\/172624"}],"wp:attachment":[{"href":"https:\/\/www.europesays.com\/pt\/wp-json\/wp\/v2\/media?parent=172623"}],"wp:term":[{"taxonomy":"category","embeddable":true,"href":"https:\/\/www.europesays.com\/pt\/wp-json\/wp\/v2\/categories?post=172623"},{"taxonomy":"post_tag","embeddable":true,"href":"https:\/\/www.europesays.com\/pt\/wp-json\/wp\/v2\/tags?post=172623"}],"curies":[{"name":"wp","href":"https:\/\/api.w.org\/{rel}","templated":true}]}}