{"id":172627,"date":"2025-12-02T02:46:20","date_gmt":"2025-12-02T02:46:20","guid":{"rendered":"https:\/\/www.europesays.com\/pt\/172627\/"},"modified":"2025-12-02T02:46:20","modified_gmt":"2025-12-02T02:46:20","slug":"aos-gritos-leandro-e-liliana-discutem-nao-sejas-ridicula","status":"publish","type":"post","link":"https:\/\/www.europesays.com\/pt\/172627\/","title":{"rendered":"Aos gritos! Leandro e Liliana discutem: \u201cN\u00e3o sejas rid\u00edcula\u2026\u201d"},"content":{"rendered":"<p>Na casa do Secret Story, este s\u00e1bado, dia 29 de novembro, a lideran\u00e7a de Leandro tem dado que falar e a \u201cpaz\u201d que se instalou nos \u00faltimos dias desapareceu ap\u00f3s novos confrontos entre os concorrentes.<\/p>\n<p>O participante estava a cozinha e Liliana queixou-se do desperd\u00edcio alimentar: <strong>\u201cAnda a deitar comida ao lixo, anda a estragar-se a comida\u201d<\/strong>.<\/p>\n<p>Leandro negou que a ab\u00f3bora foi colocada por si no lixo e pegou na mesma, dirigindo-se \u00e0 namorada de F\u00e1bio: <strong>\u201cPega, pega, pega, pega, pega, pega\u201d<\/strong>.<\/p>\n<p>A concorrente disse que a atitude de retirar a comida do lixo<strong> \u201cn\u00e3o era necess\u00e1ria\u201d<\/strong>. J\u00e1 o amigo de Pedro Jorge afirmou:<strong> \u201cClaro que \u00e9, est\u00e1s a\u00ed a fazer um espet\u00e1culo de uma coisa que eu confirmei. Eu demonstro facilmente\u201d<\/strong>.<\/p>\n<p>Mais \u00e0 frente, Leandro referiu:<strong> \u201cN\u00e3o sejas rid\u00edcula\u201d<\/strong>. A jogadora prosseguiu, criticando a postura do colega enquanto l\u00edder, que respondeu \u00e0s acusa\u00e7\u00f5es.<\/p>\n<p><a href=\"https:\/\/tvi.iol.pt\/secretstory\/videos\/gritos-e-acusacoes-leandro-e-liliana-tem-confronto-aceso-es-tao-ridicula\/692b3b4b0cf2559133761c1f\" target=\"_blank\" rel=\"noopener nofollow\">Veja o v\u00eddeo aqui.<\/a><\/p>\n","protected":false},"excerpt":{"rendered":"Na casa do Secret Story, este s\u00e1bado, dia 29 de novembro, a lideran\u00e7a de Leandro tem dado que&hellip;\n","protected":false},"author":2,"featured_media":172628,"comment_status":"","ping_status":"","sticky":false,"template":"","format":"standard","meta":{"footnotes":""},"categories":[142],"tags":[27651,114,115,12397,19016,32,33,1315,151],"class_list":{"0":"post-172627","1":"post","2":"type-post","3":"status-publish","4":"format-standard","5":"has-post-thumbnail","7":"category-tv","8":"tag-discussu00e3o","9":"tag-entertainment","10":"tag-entretenimento","11":"tag-leandro","12":"tag-liliana","13":"tag-portugal","14":"tag-pt","15":"tag-secret-story","16":"tag-tv"},"share_on_mastodon":{"url":"https:\/\/pubeurope.com\/@pt\/115647688374020758","error":""},"_links":{"self":[{"href":"https:\/\/www.europesays.com\/pt\/wp-json\/wp\/v2\/posts\/172627","targetHints":{"allow":["GET"]}}],"collection":[{"href":"https:\/\/www.europesays.com\/pt\/wp-json\/wp\/v2\/posts"}],"about":[{"href":"https:\/\/www.europesays.com\/pt\/wp-json\/wp\/v2\/types\/post"}],"author":[{"embeddable":true,"href":"https:\/\/www.europesays.com\/pt\/wp-json\/wp\/v2\/users\/2"}],"replies":[{"embeddable":true,"href":"https:\/\/www.europesays.com\/pt\/wp-json\/wp\/v2\/comments?post=172627"}],"version-history":[{"count":0,"href":"https:\/\/www.europesays.com\/pt\/wp-json\/wp\/v2\/posts\/172627\/revisions"}],"wp:featuredmedia":[{"embeddable":true,"href":"https:\/\/www.europesays.com\/pt\/wp-json\/wp\/v2\/media\/172628"}],"wp:attachment":[{"href":"https:\/\/www.europesays.com\/pt\/wp-json\/wp\/v2\/media?parent=172627"}],"wp:term":[{"taxonomy":"category","embeddable":true,"href":"https:\/\/www.europesays.com\/pt\/wp-json\/wp\/v2\/categories?post=172627"},{"taxonomy":"post_tag","embeddable":true,"href":"https:\/\/www.europesays.com\/pt\/wp-json\/wp\/v2\/tags?post=172627"}],"curies":[{"name":"wp","href":"https:\/\/api.w.org\/{rel}","templated":true}]}}