{"id":172634,"date":"2025-12-02T02:52:32","date_gmt":"2025-12-02T02:52:32","guid":{"rendered":"https:\/\/www.europesays.com\/pt\/172634\/"},"modified":"2025-12-02T02:52:32","modified_gmt":"2025-12-02T02:52:32","slug":"karsten-reforca-o-lar-como-espaco-de-afeto-e-reencontros-neste-natal","status":"publish","type":"post","link":"https:\/\/www.europesays.com\/pt\/172634\/","title":{"rendered":"Karsten refor\u00e7a o lar como espa\u00e7o de afeto e reencontros neste Natal"},"content":{"rendered":"<p>A Karsten lan\u00e7ou sua a\u00e7\u00e3o de Natal \u201cA magia de estar juntos\u201d, desenvolvida para resgatar o afeto, o reencontro e a conex\u00e3o emocional que tornam esta \u00e9poca t\u00e3o significativa para as fam\u00edlias brasileiras. Inspirada no desejo crescente por conex\u00f5es reais, a marca prop\u00f5e um olhar sens\u00edvel para o Natal como momento de acolhimento e cria\u00e7\u00e3o de mem\u00f3rias que permanecem, mesmo quando a rotina pede pressa.\n<\/p>\n<p>O filme apresenta a casa como o grande palco das celebra\u00e7\u00f5es. A narrativa acompanha a chegada de pessoas queridas e mostra a movimenta\u00e7\u00e3o natural da festividade: preparos na cozinha, mesa sendo organizada, presentes trocados e pequenas intera\u00e7\u00f5es que constroem mem\u00f3rias afetivas. No final, uma chegada surpresa refor\u00e7a o clima de acolhimento e o valor da presen\u00e7a. Os produtos Karsten aparecem de forma estrat\u00e9gica na composi\u00e7\u00e3o do ambiente, refor\u00e7ando o papel da marca na cria\u00e7\u00e3o de casas mais bonitas e acolhedoras. Almofadas e mantas aquecem a sala, enquanto toalhas de mesa, guardanapos e panos de copa d\u00e3o vida \u00e0 decora\u00e7\u00e3o do jantar.\n<\/p>\n<p>No quarto, jogos de cama completam a atmosfera de conforto da campanha. Esses elementos ajudam a fortalecer o posicionamento institucional da Karsten ao mostrar que a casa \u00e9 extens\u00e3o da fam\u00edlia e que seus produtos transformam a experi\u00eancia de viver e celebrar juntos. O v\u00eddeo-conceito, lan\u00e7ado primeiro nas redes sociais da Karsten, ganhar\u00e1 ao longo do m\u00eas vers\u00f5es derivadas com cenas do conv\u00edvio familiar. A campanha estar\u00e1 presente em Instagram, TikTok, Facebook, blog, e-commerce, lojas pr\u00f3prias e multimarcas, al\u00e9m de ativa\u00e7\u00f5es com influenciadores e grandes perfis do segmento. Produtos especiais de Natal tamb\u00e9m estar\u00e3o dispon\u00edveis. \u201cEssa campanha refor\u00e7a o papel da Karsten de levar bem-estar e aconchego em todos os momentos. Al\u00e9m disso, a campanha traz esse lado emocional de conex\u00e3o genu\u00edna e presen\u00e7a que tem sido cada vez mais necess\u00e1ria nos tempos atuais\u201d, conta Joana Campestrini Fuchs, gerente de marketing da Karsten.\n<\/p>\n<p>Durante o per\u00edodo da campanha, consumidores poder\u00e3o participar da a\u00e7\u00e3o \u201ccompre e concorra\u201d. Compras acima de R$ 699 \u2014 realizadas no e-commerce, nas lojas pr\u00f3prias ou em multimarcas autorizadas \u2014 d\u00e3o direito a participar do sorteio de um carro 0 km, o Citro\u00ebn Live Pack 1.0 MT. O regulamento est\u00e1 dispon\u00edvel no <a href=\"https:\/\/magiadeestarjuntos.polgo.com.br\" rel=\"nofollow noopener\" target=\"_blank\">site da promo\u00e7\u00e3o<\/a>. A iniciativa refor\u00e7a a estrat\u00e9gia da Karsten de destacar o lar como espa\u00e7o de afeto e bem-estar, em linha com a cole\u00e7\u00e3o Despertar e com o posicionamento emocional da marca.\n<\/p>\n<p><strong>Ficha T\u00e9cnica:<\/strong>\n<\/p>\n<p>Produtora \u2013 Cuka Filmes\n<\/p>\n<p>Diretor de cena \u2013 Hermes Bruchmann\n<\/p>\n<p>Diretor de Fotografia \u2013 Felipe Aguilar\n<\/p>\n<p>Assistente de Dire\u00e7\u00e3o \u2013 Andr\u00e9 Melo\n<\/p>\n<p>Diretora de Arte \u2013 Fabiana Carvalho\n<\/p>\n<p>Assistente de Arte \u2013 J\u00falia Jaques, J\u00falio Lopes\n<\/p>\n<p>C\u00e2mera \u2013 Jorge Bauer\n<\/p>\n<p>1\u00ba Assistente de c\u00e2mera \u2013 Giovane Silva\n<\/p>\n<p>Gafer \u2013 Alexandre Miranda\n<\/p>\n<p>1\u00ba Assistente de El\u00e9trica \u2013 Dinho Ribeiro\n<\/p>\n<p>2\u00ba Assistente de El\u00e9trica \u2013 Wesley Tavares\n<\/p>\n<p>Maquinista \u2013 Rafael Miranda\n<\/p>\n<p>Making Of \u2013 Thiago Phillips\n<\/p>\n<p>Make e Hair \u2013 Carolina Minni\n<\/p>\n<p>Figurino \u2013 Duda Bilsland\n<\/p>\n<p>Catering \u2013 Paula Zippe\n<\/p>\n<p>Produtora Executiva \u2013 Priscila Moraes\n<\/p>\n<p>Atendimento \u2013 Fabio Peixoto\n<\/p>\n<p>Fotos \u2013 Jo\u00e3o Voltolini\n<\/p>\n<p>Assistente de fotografia \u2013 Pedro Buglione\n<\/p>\n<p>Equipe Karsten\n<\/p>\n<p>Gerente de Marketing \u2013 Joana Fuchs Campestrini\n<\/p>\n<p>Coordenadora de Marketing \u2013 Ana Paula Moreira\n<\/p>\n<p>Supervisora de Marketing \u2013 Carla Heidemann Vieira\n<\/p>\n<p>Cria\u00e7\u00e3o e Roteiro \u2013 Maria Elisa Conninck\n<\/p>\n<p>Conte\u00fado \u2013 Janaina Baade Bachmann, Camila Vit\u00f3ria Coelho\n<\/p>\n<p>Leia mais not\u00edcias:\n<\/p>\n<p><a href=\"https:\/\/marcaspelomundo.com.br\/\" rel=\"nofollow noopener\" target=\"_blank\">https:\/\/marcaspelomundo.com.br\/<\/a>\n\t\t\t\t<\/p>\n","protected":false},"excerpt":{"rendered":"A Karsten lan\u00e7ou sua a\u00e7\u00e3o de Natal \u201cA magia de estar juntos\u201d, desenvolvida para resgatar o afeto, o&hellip;\n","protected":false},"author":2,"featured_media":172635,"comment_status":"","ping_status":"","sticky":false,"template":"","format":"standard","meta":{"footnotes":""},"categories":[84],"tags":[109,107,108,36058,32,33,105,103,104,106,110],"class_list":{"0":"post-172634","1":"post","2":"type-post","3":"status-publish","4":"format-standard","5":"has-post-thumbnail","7":"category-ciencia-e-tecnologia","8":"tag-ciencia","9":"tag-ciencia-e-tecnologia","10":"tag-cienciaetecnologia","11":"tag-karsten","12":"tag-portugal","13":"tag-pt","14":"tag-science","15":"tag-science-and-technology","16":"tag-scienceandtechnology","17":"tag-technology","18":"tag-tecnologia"},"share_on_mastodon":{"url":"https:\/\/pubeurope.com\/@pt\/115647711999215863","error":""},"_links":{"self":[{"href":"https:\/\/www.europesays.com\/pt\/wp-json\/wp\/v2\/posts\/172634","targetHints":{"allow":["GET"]}}],"collection":[{"href":"https:\/\/www.europesays.com\/pt\/wp-json\/wp\/v2\/posts"}],"about":[{"href":"https:\/\/www.europesays.com\/pt\/wp-json\/wp\/v2\/types\/post"}],"author":[{"embeddable":true,"href":"https:\/\/www.europesays.com\/pt\/wp-json\/wp\/v2\/users\/2"}],"replies":[{"embeddable":true,"href":"https:\/\/www.europesays.com\/pt\/wp-json\/wp\/v2\/comments?post=172634"}],"version-history":[{"count":0,"href":"https:\/\/www.europesays.com\/pt\/wp-json\/wp\/v2\/posts\/172634\/revisions"}],"wp:featuredmedia":[{"embeddable":true,"href":"https:\/\/www.europesays.com\/pt\/wp-json\/wp\/v2\/media\/172635"}],"wp:attachment":[{"href":"https:\/\/www.europesays.com\/pt\/wp-json\/wp\/v2\/media?parent=172634"}],"wp:term":[{"taxonomy":"category","embeddable":true,"href":"https:\/\/www.europesays.com\/pt\/wp-json\/wp\/v2\/categories?post=172634"},{"taxonomy":"post_tag","embeddable":true,"href":"https:\/\/www.europesays.com\/pt\/wp-json\/wp\/v2\/tags?post=172634"}],"curies":[{"name":"wp","href":"https:\/\/api.w.org\/{rel}","templated":true}]}}