{"id":172636,"date":"2025-12-02T02:56:35","date_gmt":"2025-12-02T02:56:35","guid":{"rendered":"https:\/\/www.europesays.com\/pt\/172636\/"},"modified":"2025-12-02T02:56:35","modified_gmt":"2025-12-02T02:56:35","slug":"caldo-entornado-no-fc-porto-estoril-as-versoes-de-farioli-e-ian-cathro","status":"publish","type":"post","link":"https:\/\/www.europesays.com\/pt\/172636\/","title":{"rendered":"Caldo entornado no FC Porto-Estoril. As vers\u00f5es de Farioli e Ian Cathro"},"content":{"rendered":"<p>O FC Porto retomou, ao final da noite de domingo, a lideran\u00e7a isolada da I Liga, gra\u00e7as ao (&#8216;suado&#8217;) triunfo conquistado sobre o Estoril, no Est\u00e1dio do Drag\u00e3o, por 1-0, num encontro a contar para a 12.\u00aa jornada, que foi resolvido por um remate certeiro de William Gomes, logo \u00e0 passagem do oitavo minuto.<\/p>\n<p>Uma partida de &#8216;alta tens\u00e3o&#8217;, cujo pico foi atingido imediatamente ap\u00f3s o apito final, quando os treinadores de drag\u00f5es e canarinhos, respetivamente, Francesco Farioli e Ian Cathro, respetivamente, se desentenderam, em pleno relvado, provocando uma confus\u00e3o que acabou por alastrar-se a uma s\u00e9rie de elementos de ambas as equipas.<\/p>\n<p>J\u00e1 na sala de confer\u00eancia de imprensa, o escoc\u00eas deu a sua vers\u00e3o dos acontecimentos, lamentando aquilo que aconteceu, ainda que recusando entrar em grandes detalhes: &#8220;Quero dar os parab\u00e9ns a Francesco Farioli pelo trabalho que est\u00e1 a fazer. Independentemente do resultado, tenho a capacidade de o reconhecer&#8221;.<\/p>\n<p>&#8220;Por outro lado, sou escoc\u00eas, dei-lhe um empurr\u00e3o nas costas, mas n\u00e3o foi por mal. Depois, sucederam-se rea\u00e7\u00f5es, e n\u00e3o gosto que me toquem na cara, porque n\u00e3o sou latino, venho de outra cultura. O problema foi que outros tentaram intimidar-me. \u00c9 imposs\u00edvel&#8221;, atirou. J\u00e1 o italiano foi mais &#8216;telegr\u00e1fico&#8217;.<\/p>\n<p>&#8220;Fui muito simp\u00e1tico para ele. Tentei acalm\u00e1-lo, ele estava demasiado exaltado. Cumpriment\u00e1mo-nos e talvez tenha percebido mal o primeiro toque dele. Fui calmo, n\u00e3o estou habituado a criar pol\u00e9mica. Quando o jogo acaba, acaba&#8221;, sublinhou, antes de aplaudir a exibi\u00e7\u00e3o do conjunto advers\u00e1rio.<\/p>\n<p>&#8220;Acho que o Estoril, at\u00e9 agora, no Drag\u00e3o, foi uma das melhores equipas que veio c\u00e1, tendo em conta a organiza\u00e7\u00e3o e a qualidade individual. Vimo-los em v\u00eddeo, e eram muito bons. Ao vivo, deixaram uma imagem ainda melhor. T\u00eam de estar contentes pelo que fizeram&#8221;, completou.<\/p>\n<p>                                                    Luuk de Jong volta a ser &#8216;dor de cabe\u00e7a&#8217;<\/p>\n<p>Francesco Farioli aproveitou, ainda, a ocasi\u00e3o para abordar o estado f\u00edsico de Luuk de Jong, que foi lan\u00e7ado para o lugar de Samu Aghehowa, \u00e0 passagem dos 68 minutos, mas que acabou a partida em claras debilidades f\u00edsicas, pelo que tudo aponta para que tenha de parar, uma vez mais, devido a les\u00e3o.<\/p>\n<p>&#8220;Parece ter sido o joelho, outra vez. Temos de avaliar. N\u00e3o sabemos exatamente o que se passa. O doutor estava otimista, mas vamos ter de voltar a avaliar daqui a umas horas novamente. \u00c9 no mesmo joelho, mas n\u00e3o \u00e9 no mesmo s\u00edtio, teremos de avaliar&#8221;, apontou, sem entrar em pormenores.<\/p>\n<p>O internacional neerland\u00eas, recorde-se, chegou ao FC Porto na reta final do passado mercado de transfer\u00eancias de ver\u00e3o, a &#8216;custo zero&#8217;, na sequ\u00eancia do final do contrato que mantinha com o PSV, mas, pouco tempo depois, viu o azar &#8216;bater-lhe \u00e0 porta&#8217;, num jogo-treino com o Lusit\u00e2nia de Lourosa, realizado no Olival.<\/p>\n<p>O avan\u00e7ado foi diagnosticado com uma entorse no joelho esquerdo com les\u00e3o do ligamento lateral interno, tendo regressado ao ativo apenas no passado dia 22 de novembro, no categ\u00f3rico triunfo alcan\u00e7ado diante do Sintrense, no Est\u00e1dio do Drag\u00e3o, por 3-0, que valeu o apuramento para os oitavos de final da Ta\u00e7a de Portugal.<\/p>\n<p>Leia Tamb\u00e9m: <a href=\"https:\/\/www.noticiasaominuto.com\/desporto\/2897402\/facil-desengane-se-fc-porto-sofre-para-bater-estoril-e-ve-derbi-no-topo\" target=\"_blank\" rel=\"noopener noreferrer nofollow\">F\u00e1cil? Desengane-se. FC Porto sofre para bater Estoril e v\u00ea d\u00e9rbi no topo<\/a><\/p>\n","protected":false},"excerpt":{"rendered":"O FC Porto retomou, ao final da noite de domingo, a lideran\u00e7a isolada da I Liga, gra\u00e7as ao&hellip;\n","protected":false},"author":2,"featured_media":172637,"comment_status":"","ping_status":"","sticky":false,"template":"","format":"standard","meta":{"footnotes":""},"categories":[8],"tags":[27,28,15,16,14,25,26,21,22,12,13,19,20,32,23,24,33,17,18,29,30,31],"class_list":{"0":"post-172636","1":"post","2":"type-post","3":"status-publish","4":"format-standard","5":"has-post-thumbnail","7":"category-principais-noticias","8":"tag-breaking-news","9":"tag-breakingnews","10":"tag-featured-news","11":"tag-featurednews","12":"tag-headlines","13":"tag-latest-news","14":"tag-latestnews","15":"tag-main-news","16":"tag-mainnews","17":"tag-news","18":"tag-noticias","19":"tag-noticias-principais","20":"tag-noticiasprincipais","21":"tag-portugal","22":"tag-principais-noticias","23":"tag-principaisnoticias","24":"tag-pt","25":"tag-top-stories","26":"tag-topstories","27":"tag-ultimas","28":"tag-ultimas-noticias","29":"tag-ultimasnoticias"},"share_on_mastodon":{"url":"https:\/\/pubeurope.com\/@pt\/115647727882666347","error":""},"_links":{"self":[{"href":"https:\/\/www.europesays.com\/pt\/wp-json\/wp\/v2\/posts\/172636","targetHints":{"allow":["GET"]}}],"collection":[{"href":"https:\/\/www.europesays.com\/pt\/wp-json\/wp\/v2\/posts"}],"about":[{"href":"https:\/\/www.europesays.com\/pt\/wp-json\/wp\/v2\/types\/post"}],"author":[{"embeddable":true,"href":"https:\/\/www.europesays.com\/pt\/wp-json\/wp\/v2\/users\/2"}],"replies":[{"embeddable":true,"href":"https:\/\/www.europesays.com\/pt\/wp-json\/wp\/v2\/comments?post=172636"}],"version-history":[{"count":0,"href":"https:\/\/www.europesays.com\/pt\/wp-json\/wp\/v2\/posts\/172636\/revisions"}],"wp:featuredmedia":[{"embeddable":true,"href":"https:\/\/www.europesays.com\/pt\/wp-json\/wp\/v2\/media\/172637"}],"wp:attachment":[{"href":"https:\/\/www.europesays.com\/pt\/wp-json\/wp\/v2\/media?parent=172636"}],"wp:term":[{"taxonomy":"category","embeddable":true,"href":"https:\/\/www.europesays.com\/pt\/wp-json\/wp\/v2\/categories?post=172636"},{"taxonomy":"post_tag","embeddable":true,"href":"https:\/\/www.europesays.com\/pt\/wp-json\/wp\/v2\/tags?post=172636"}],"curies":[{"name":"wp","href":"https:\/\/api.w.org\/{rel}","templated":true}]}}