{"id":172648,"date":"2025-12-02T03:12:26","date_gmt":"2025-12-02T03:12:26","guid":{"rendered":"https:\/\/www.europesays.com\/pt\/172648\/"},"modified":"2025-12-02T03:12:26","modified_gmt":"2025-12-02T03:12:26","slug":"de-volta-a-friendzone-relacao-de-dudu-camargo-e-saory-cardoso-fica-estremecida-apos-fofoca-record","status":"publish","type":"post","link":"https:\/\/www.europesays.com\/pt\/172648\/","title":{"rendered":"De volta \u00e0 friendzone? Rela\u00e7\u00e3o de Dudu Camargo e Saory Cardoso fica estremecida ap\u00f3s fofoca \u2013 Record"},"content":{"rendered":"<p><img decoding=\"async\" data-chromatic=\"ignore\" alt=\"\" class=\"c-image\" loading=\"lazy\" src=\"https:\/\/www.europesays.com\/pt\/wp-content\/uploads\/2025\/12\/5BG3FABXWJB6BEXNWFC7BUE6CU.png\"  width=\"2116\" height=\"1153\"\/>A amizade est\u00e1 ok, mas ser\u00e1 que o amor entre Saory e Dudu est\u00e1 bem? Reprodu\u00e7\u00e3o\/RecordPlus <\/p>\n<p class=\"jarvics:base-text-neutral-high-400 base-text-[calc(theme(fontSize.xs)_*_var(--font-size,_1))] base-font-normal base-font-primary base-text-neutral-low-500 base-text-left\">A <a href=\"https:\/\/record.r7.com\/a-fazenda\/a-fazenda-17\/novidades\/quem-sao-as-majestades-da-coitadolandia-confira-spoilers-da-dinamica-desta-segunda-1-01122025\/\" target=\"_self\" rel=\"nofollow noopener\" title=\"https:\/\/record.r7.com\/a-fazenda\/a-fazenda-17\/novidades\/quem-sao-as-majestades-da-coitadolandia-confira-spoilers-da-dinamica-desta-segunda-1-01122025\/\"><b>atividade de apontamento<\/b><\/a> que vai ao ar nesta segunda (1\u00ba) colocou fogo no feno de <a href=\"https:\/\/record.r7.com\/a-fazenda\/a-fazenda-17\/\" target=\"_self\" rel=\"nofollow noopener\" title=\"https:\/\/record.r7.com\/a-fazenda\/a-fazenda-17\/\"><b>A Fazenda<\/b><\/a> e uma pulguinha atr\u00e1s da orelha de <a href=\"https:\/\/record.r7.com\/a-fazenda\/a-fazenda-17\/peoes\/saory-cardoso\" target=\"_self\" title=\"Saory Cardoso\" rel=\"nofollow noopener\"><b>Saory Cardoso<\/b><\/a>! Durante a din\u00e2mica, <a href=\"https:\/\/record.r7.com\/a-fazenda\/a-fazenda-17\/peoes\/tamires-assis\" target=\"_self\" title=\"T&#xE0;mires Ass&#xEE;s\" rel=\"nofollow noopener\"><b>T\u00e0mires Ass\u00ees<\/b><\/a><b> <\/b>contou para a dentista que foi <a href=\"https:\/\/record.r7.com\/a-fazenda\/a-fazenda-17\/peoes\/dudu-camargo\" target=\"_self\" title=\"Dudu Camargo\" rel=\"nofollow noopener\"><b>Dudu Camargo<\/b><\/a> quem levou a fofoca sobre a calcinha de Saory para a dan\u00e7arina. Se liga!<\/p>\n<ul class=\"b-article-body__list-unordered\">\n<li><b>Quer ficar por dentro de tudo que est\u00e1 acontecendo em\u00a0<\/b><b>A Fazenda 17<\/b><b>?\u00a0<\/b><a href=\"https:\/\/www.whatsapp.com\/channel\/0029Va2cJIR1noz2ahzX0D1N\" target=\"_blank\" rel=\"noreferrer nofollow noopener\" title=\"https:\/\/www.whatsapp.com\/channel\/0029Va2cJIR1noz2ahzX0D1N\"><b>Clique aqui<\/b><\/a><b>\u00a0e fa\u00e7a parte do nosso canal no WhatsApp!<\/b><\/li>\n<\/ul>\n<p class=\"jarvics:base-text-neutral-high-400 base-text-[calc(theme(fontSize.xs)_*_var(--font-size,_1))] base-font-normal base-font-primary base-text-neutral-low-500 base-text-left\">Logo no final da din\u00e2mica, T\u00e0mires contou para a dentista: \u201cEle me chamou no closet, esse nojento! T\u00e1 gravado, juro pela minha vida. Ele falou, \u2018eu tenho certeza que n\u00e3o tem a ver com doen\u00e7as\u2019, estimulando, como se ele j\u00e1 tivesse te pego\u201d. Saory s\u00f3 conseguiu soltar uma palavra: \u201cChocada\u201d.<\/p>\n<p class=\"jarvics:base-text-neutral-high-400 base-text-[calc(theme(fontSize.xs)_*_var(--font-size,_1))] base-font-normal base-font-primary base-text-neutral-low-500 base-text-left\">T\u00e0mires voltou para a sede soltando os cachorros: \u201cEle vai tentar desmentir, mas o Brasil viu!\u201d. Enquanto isso, <a href=\"https:\/\/record.r7.com\/a-fazenda\/a-fazenda-17\/peoes\/carol-lekker\" target=\"_self\" title=\"Carol Lekker\" rel=\"nofollow noopener\"><b>Carol Lekker<\/b><\/a> foi questionar o jornalista, e ele respondeu: \u201cAgora, quer saber o real motivo de ela estar com esse ran\u00e7o todo meu? Preciso falar ou voc\u00ea pegou no ar? Ci\u00fames! Porque eu parei de dar prioridade a ela, parei de estar com ela o tempo todo\u201d.<\/p>\n<p class=\"jarvics:base-text-neutral-high-400 base-text-[calc(theme(fontSize.xs)_*_var(--font-size,_1))] base-font-normal base-font-primary base-text-neutral-low-500 base-text-left\">Saory e Dudu seguiram para uma tentativa de DR na Casa da \u00c1rvore. O pe\u00e3o puxou a namorada para mais perto e ela esquivou: \u201cIh, est\u00e1 brava, para com isso! T\u00e1 doida? Vem c\u00e1, Saory\u201d. A dentista disse que estava bem no canto dela e mudou de assunto, falando que ele estava bonito. Dudu apontou: \u201cN\u00e3o adianta ficar bonito e tu ficar desse jeito\u201d.<\/p>\n<p class=\"jarvics:base-text-neutral-high-400 base-text-[calc(theme(fontSize.xs)_*_var(--font-size,_1))] base-font-normal base-font-primary base-text-neutral-low-500 base-text-left\">Eles decidiram voltar para a sede, e o jornalista alegou: \u201cN\u00e3o vou deixar voc\u00ea desconfort\u00e1vel, se voc\u00ea n\u00e3o quer falar, vou te respeitar. Eu quero me resolver com isso a\u00ed. Agora, besteira sua cair nessa dela [T\u00e0miris]. Besteira sua cair pilha em gente que quer separar, botar uma pessoa contra a outra!\u201d.<\/p>\n<p><b>Veja:<\/b><\/p>\n<p class=\"jarvics:base-text-neutral-high-400 base-text-[calc(theme(fontSize.xs)_*_var(--font-size,_1))] base-font-normal base-font-primary base-text-neutral-low-500 base-text-left\">Dudu foi para o quarto, e Carol aconselhou a amiga: \u201cTem que enquadrar ele, entendeu? Botar contra a parede\u201d. Saory discordou: \u201cEle n\u00e3o assume nem quando suja a lavanderia! Voc\u00ea sabe, voc\u00ea conhece!\u201d. T\u00e0mires estava no lavabo, e disparou: \u201cSe eu solto tudo que&#8230; Ele sabe! Tanto que ele fugiu dali!\u201d.<\/p>\n<p class=\"jarvics:base-text-neutral-high-400 base-text-[calc(theme(fontSize.xs)_*_var(--font-size,_1))] base-font-normal base-font-primary base-text-neutral-low-500 base-text-left\">A dan\u00e7arina revelou que a conversa com Dudu foi na \u00e1rea dos animais, e que por l\u00e1, ele deu a entender que tinha algo a mais com Saory, por isso sabia que a crush n\u00e3o tinha nenhuma doen\u00e7a \u00edntima. <\/p>\n<p class=\"jarvics:base-text-neutral-high-400 base-text-[calc(theme(fontSize.xs)_*_var(--font-size,_1))] base-font-normal base-font-primary base-text-neutral-low-500 base-text-left\">Nessa \u00e9poca, rolou a <a href=\"https:\/\/record.r7.com\/a-fazenda\/a-fazenda-17\/novidades\/tour-da-calcinha-peoas-debocham-de-peca-intima-suja-amarelo-com-verde-24102025\/\" target=\"_self\" rel=\"nofollow noopener\" title=\"https:\/\/record.r7.com\/a-fazenda\/a-fazenda-17\/novidades\/tour-da-calcinha-peoas-debocham-de-peca-intima-suja-amarelo-com-verde-24102025\/\"><b>chacota das meninas do Grup\u00e3o sobre uma calcinha suja<\/b><\/a> encontrada na sede. Saory afirmou: \u201cEu vou perguntar para ele!\u201d. Carol colocou fogo: \u201cBaf\u00e3o, babado forte\u201d. T\u00e0mires voltou a repercutir: \u201cSe quiser conto detalhes, mas aconteceu. Se ele negar \u00e9 pior para ele, porque desmascara mais ainda. Tenho certeza que ele n\u00e3o vai negar! Ele que fez isso, chegou me chamando e falou. E ele n\u00e3o fez com tristeza n\u00e3o, t\u00e1? N\u00e3o era com tristezinha a cara dele\u201d.<\/p>\n<p class=\"jarvics:base-text-neutral-high-400 base-text-[calc(theme(fontSize.xs)_*_var(--font-size,_1))] base-font-normal base-font-primary base-text-neutral-low-500 base-text-left\">Na manh\u00e3 desta segunda (1\u00ba), o casal amanheceu com papos estranhos. No caf\u00e9, a dentista brincou: \u201cVoc\u00ea prefere que eu te chame de amigo ou de ex? Brother ou ex? Sabia que tem tr\u00eas Eduardos?\u201d.<\/p>\n<p class=\"jarvics:base-text-neutral-high-400 base-text-[calc(theme(fontSize.xs)_*_var(--font-size,_1))] base-font-normal base-font-primary base-text-neutral-low-500 base-text-left\">Saory explicou que gosta mais da vers\u00e3o s\u00e9ria do jornalista, mas que existem tamb\u00e9m outros dois \u201cEduardos\u201d diferentes. Eles tomaram sol juntos e caminharam at\u00e9 as mini-cabras, para fazer carinho nos animais. Na volta, sentaram na mesma poltrona da varanda e trocaram car\u00edcias, com direito at\u00e9 a cheiradinha na axila. Ser\u00e1 que a rela\u00e7\u00e3o rom\u00e2ntica acabou ou \u00e9 s\u00f3 uma fase passageira?<\/p>\n<p><b>Confira a conversa da tarde:<\/b><video controls=\"\" class=\"video-js\" preload=\"metadata\" poster=\"https:\/\/d22yf0mxeu0gma.cloudfront.net\/12-01-2025\/t_f2475f5fced04fc5aeb1d2c2b0379448_name_file_960x540_1600_v4_.jpg\" title=\"Saory observa que Fabiano acordou para o jogo: 'Est&#xE1; afiadinho' | A Fazenda 17\" data-sprite-url=\"\" data-metadata=\"{&quot;title&quot;:&quot;Saory observa que Fabiano acordou para o jogo: 'Est&#xE1; afiadinho' | A Fazenda 17&quot;,&quot;sectionName&quot;:&quot;R7&quot;,&quot;mainSection&quot;:&quot;Novidades&quot;,&quot;subSection&quot;:&quot;&quot;,&quot;views&quot;:&quot;&quot;,&quot;disableAdv&quot;:&quot;false&quot;,&quot;createdDate&quot;:&quot;2025-12-01T16:01:41Z&quot;,&quot;mainSectionUrl&quot;:&quot;https:\/\/record.r7.com\/a-fazenda\/a-fazenda-17\/24-horas\/video\/saory-observa-que-fabiano-acordou-para-o-jogo-esta-afiadinho-a-fazenda-17-01122025\/&quot;,&quot;sectionPath&quot;:&quot;https:\/\/record.r7.com\/a-fazenda\/a-fazenda-17\/24-horas&quot;,&quot;ageRating&quot;:&quot;12&quot;,&quot;ageRatingDescription&quot;:&quot;&quot;,&quot;duration&quot;:183936,&quot;playerUrl&quot;:&quot;https:\/\/record.r7.com\/player\/1b35a85a-fe77-4fcd-afe3-4732bbd00593\/&quot;}\" data-player-params=\"{&quot;p&quot;:&quot;true&quot;,&quot;autoPlay&quot;:&quot;false&quot;,&quot;logo&quot;:&quot;true&quot;,&quot;playlistId&quot;:&quot;false&quot;,&quot;calhau&quot;:&quot;false&quot;,&quot;share&quot;:&quot;true&quot;,&quot;sz&quot;:&quot;false&quot;,&quot;full&quot;:&quot;true&quot;,&quot;customAdHash&quot;:&quot;\/7542\/recordtv\/afazenda&quot;,&quot;referrerUrl&quot;:&quot;&quot;,&quot;externalLinks&quot;:&quot;true&quot;,&quot;debug&quot;:&quot;false&quot;,&quot;debugHash&quot;:&quot;false&quot;,&quot;debugRelated&quot;:&quot;false&quot;,&quot;timerRelated&quot;:&quot;true&quot;,&quot;logoRecord&quot;:&quot;false&quot;,&quot;contextModal&quot;:&quot;false&quot;,&quot;parentUrl&quot;:&quot;https:\/\/record.r7.com\/&quot;,&quot;t&quot;:&quot;0&quot;,&quot;noTitle&quot;:false,&quot;endBehavior&quot;:&quot;default&quot;}\" data-related-videos=\"[{&quot;title&quot;:&quot;Carol provoca Wal&#xE9;rio antes da Prova de Fogo; Saory leva bronca de Galisteu | A Fazenda 17&quot;,&quot;thumb&quot;:&quot;https:\/\/d22yf0mxeu0gma.cloudfront.net\/12-02-2025\/t_c07032c7138940718b1aabd22c8dd19a_name_file_960x540_1600_v4_.jpg&quot;,&quot;url&quot;:&quot;https:\/\/record.r7.com\/a-fazenda\/a-fazenda-17\/na-tv\/video\/carol-provoca-walerio-antes-da-prova-de-fogo-saory-leva-bronca-de-galisteu-a-fazenda-17-02122025\/&quot;,&quot;embedUrl&quot;:&quot;https:\/\/record.r7.com\/player\/14e4ff13-8951-4ec4-a212-52134c3a62a5\/&quot;},{&quot;title&quot;:&quot;Fabiano faz reflex&#xE3;o sobre sua trajet&#xF3;ria no jogo: 'Eu vim contar minha hist&#xF3;ria' | A Fazenda 17&quot;,&quot;thumb&quot;:&quot;https:\/\/d22yf0mxeu0gma.cloudfront.net\/12-02-2025\/t_3f69afd6276943cab911c3f9dbdb8691_name_file_960x540_1600_v4_.jpg&quot;,&quot;url&quot;:&quot;https:\/\/record.r7.com\/a-fazenda\/a-fazenda-17\/24-horas\/video\/fabiano-faz-reflexao-sobre-sua-trajetoria-no-jogo-eu-vim-contar-minha-historia-a-fazenda-17-02122025\/&quot;,&quot;embedUrl&quot;:&quot;https:\/\/record.r7.com\/player\/e231d95d-9203-46ba-9375-f6e5f4fdbfce\/&quot;},{&quot;title&quot;:&quot;Toninho ensina seu tempero de feij&#xE3;o: 'Esse &#xE9; top' | A Fazenda 17&quot;,&quot;thumb&quot;:&quot;https:\/\/d22yf0mxeu0gma.cloudfront.net\/12-01-2025\/t_3f8867bf644f4e19b9bea1b21eeb8550_name_file_960x540_1600_v4_.jpg&quot;,&quot;url&quot;:&quot;https:\/\/record.r7.com\/a-fazenda\/a-fazenda-17\/24-horas\/video\/toninho-ensina-seu-tempero-de-feijao-esse-e-top-a-fazenda-17-01122025\/&quot;,&quot;embedUrl&quot;:&quot;https:\/\/record.r7.com\/player\/009929b8-cf69-44c7-ab25-ebba03ac4a0c\/&quot;}]\" data-player-url=\"https:\/\/record.r7.com\/player\/1b35a85a-fe77-4fcd-afe3-4732bbd00593\/\" data-arc-video=\"\" data-arc-id=\"1b35a85a-fe77-4fcd-afe3-4732bbd00593\" data-short=\"false\" style=\"visibility:hidden\"><\/video><\/p>\n<p class=\"jarvics:base-text-neutral-high-400 base-text-[calc(theme(fontSize.xs)_*_var(--font-size,_1))] base-font-normal base-font-primary base-text-neutral-low-500 base-text-left\">Fique ligado! <a href=\"https:\/\/record.r7.com\/a-fazenda\/a-fazenda-17\/\" rel=\"nofollow noopener\" title=\"https:\/\/record.r7.com\/a-fazenda\/a-fazenda-17\/\" target=\"_blank\"><b>A Fazenda 17<\/b><\/a> vai ao ar de segunda a domingo, \u00e0s 22h30, na tela da <a href=\"https:\/\/record.r7.com\/\" rel=\"nofollow noopener\" target=\"_blank\"><b>RECORD<\/b><\/a>. Assine o <a href=\"https:\/\/www.recordplus.com\/home\" rel=\"nofollow noopener\" title=\"https:\/\/www.recordplus.com\/home\" target=\"_blank\"><b>RecordPlus<\/b><\/a> e tenha acesso \u00e0s c\u00e2meras 24 horas.<\/p>\n<p><b>Elimina\u00e7\u00e3o chocante, delega\u00e7\u00e3o div\u00f4nica e Top 10: relembre o que rolou na semana de A Fazenda 17<\/b><\/p>\n<p class=\"jarvics:base-text-neutral-high-400 base-text-[calc(theme(fontSize.xxs)_*_var(--font-size,_1))] base-font-semibold base-font-primary base-text-neutral-low-500 base-text-left\">A reta final de A Fazenda 17 chegou com tudo na sede! Antes de formarem o Top 10, os pe\u00f5es viveram emo\u00e7\u00f5es de sobra no reality e mostraram que ainda tem muito por vir. Al\u00e9m de dois eliminados, a semana contou com expuls\u00e3o, Fazendeiro in\u00e9dito e inc\u00eandios de sobra no feno; relembre!<\/p>\n<p class=\"jarvics:base-text-neutral-high-400 base-text-[calc(theme(fontSize.little)_*_var(--font-size,_1))] base-font-normal base-font-primary base-text-neutral-low-500 base-text-left\">Reprodu\u00e7\u00e3o\/RECORD<\/p>\n","protected":false},"excerpt":{"rendered":"A amizade est\u00e1 ok, mas ser\u00e1 que o amor entre Saory e Dudu est\u00e1 bem? Reprodu\u00e7\u00e3o\/RecordPlus A atividade&hellip;\n","protected":false},"author":2,"featured_media":172649,"comment_status":"","ping_status":"","sticky":false,"template":"","format":"standard","meta":{"footnotes":""},"categories":[145],"tags":[657,211,210,20035,114,115,32,33,21259],"class_list":{"0":"post-172648","1":"post","2":"type-post","3":"status-publish","4":"format-standard","5":"has-post-thumbnail","7":"category-celebridades","8":"tag-a-fazenda","9":"tag-celebridades","10":"tag-celebrities","11":"tag-dudu-camargo","12":"tag-entertainment","13":"tag-entretenimento","14":"tag-portugal","15":"tag-pt","16":"tag-saory-cardoso"},"share_on_mastodon":{"url":"https:\/\/pubeurope.com\/@pt\/115647790932091155","error":""},"_links":{"self":[{"href":"https:\/\/www.europesays.com\/pt\/wp-json\/wp\/v2\/posts\/172648","targetHints":{"allow":["GET"]}}],"collection":[{"href":"https:\/\/www.europesays.com\/pt\/wp-json\/wp\/v2\/posts"}],"about":[{"href":"https:\/\/www.europesays.com\/pt\/wp-json\/wp\/v2\/types\/post"}],"author":[{"embeddable":true,"href":"https:\/\/www.europesays.com\/pt\/wp-json\/wp\/v2\/users\/2"}],"replies":[{"embeddable":true,"href":"https:\/\/www.europesays.com\/pt\/wp-json\/wp\/v2\/comments?post=172648"}],"version-history":[{"count":0,"href":"https:\/\/www.europesays.com\/pt\/wp-json\/wp\/v2\/posts\/172648\/revisions"}],"wp:featuredmedia":[{"embeddable":true,"href":"https:\/\/www.europesays.com\/pt\/wp-json\/wp\/v2\/media\/172649"}],"wp:attachment":[{"href":"https:\/\/www.europesays.com\/pt\/wp-json\/wp\/v2\/media?parent=172648"}],"wp:term":[{"taxonomy":"category","embeddable":true,"href":"https:\/\/www.europesays.com\/pt\/wp-json\/wp\/v2\/categories?post=172648"},{"taxonomy":"post_tag","embeddable":true,"href":"https:\/\/www.europesays.com\/pt\/wp-json\/wp\/v2\/tags?post=172648"}],"curies":[{"name":"wp","href":"https:\/\/api.w.org\/{rel}","templated":true}]}}