{"id":172650,"date":"2025-12-02T03:18:21","date_gmt":"2025-12-02T03:18:21","guid":{"rendered":"https:\/\/www.europesays.com\/pt\/172650\/"},"modified":"2025-12-02T03:18:21","modified_gmt":"2025-12-02T03:18:21","slug":"guardiola-volta-a-elogiar-marco-silva-fulham-joga-cada-vez-melhor","status":"publish","type":"post","link":"https:\/\/www.europesays.com\/pt\/172650\/","title":{"rendered":"Guardiola volta a elogiar Marco Silva: \u00abFulham joga cada vez melhor\u00bb"},"content":{"rendered":"<p>O Fulham, orientado pelo t\u00e9cnico portugu\u00eas Marco Silva, recebe em Craven Cottage o Manchester City na ter\u00e7a-feira, pelas 19h30, em jogo da 14.\u00aa jornada da Premier League inglesa. Um duelo entre duas equipas que t\u00eam treinadores experientes na competi\u00e7\u00e3o.<\/p>\n<p>Pep Guardiola, variadas vezes campe\u00e3o, j\u00e1 conhece bem o trabalho de Marco Silva, t\u00e9cnico do Fulham desde 2021. Na antevis\u00e3o ao duelo (que durou apenas dois minutos) o espanhol elogiou a forma\u00e7\u00e3o londrina.<\/p>\n<p>\u00abO Marco est\u00e1 l\u00e1 h\u00e1 muitos anos e sempre foi um advers\u00e1rio muito dif\u00edcil.\u00a0A organiza\u00e7\u00e3o deles \u00e9 excecional e, a cada ano, ficam ainda melhores com a bola. \u00c9 um advers\u00e1rio muito dif\u00edcil. Vi os jogos deles contra o Chelsea, o Arsenal e o Sunderland e \u00e9 sempre muito dif\u00edcil para o advers\u00e1rio quebrar a defesa deles. Sempre foi assim neste belo est\u00e1dio em Londres\u00bb, disse Guardiola.<\/p>\n<p>A tabela conta uma hist\u00f3ria ligeiramente diferente &#8211; o Manchester City \u00e9 segundo classificado com 25 pontos, enquanto o Fulham soma 17 em 15.\u00ba lugar. Mas n\u00e3o \u00e9 a primeira vez que Guardiola elogia Marco Silva &#8211; j\u00e1 o fez em 2024, dizendo que este era um \u00abtreinador de topo\u00bb, ou em 2022, quando afirmou que o trabalho do luso no Fulham era <strong><a href=\"https:\/\/maisfutebol.iol.pt\/premier-league\/internacional\/guardiola-fulham-nao-e-surpresa-marco-silva-e-excecional\" rel=\"nofollow noopener\" target=\"_blank\">\u00abexcecional\u00bb.<\/a><\/strong><\/p>\n<p>Guardiola confirmou que Rodri n\u00e3o estar\u00e1 dispon\u00edvel para a viagem a Londres.\u00a0Bernardo Silva e Gianluigi Donnarumma est\u00e3o a um jogo de serem suspensos, depois de terem recebido quatro cart\u00f5es amarelos nesta temporada.<\/p>\n","protected":false},"excerpt":{"rendered":"O Fulham, orientado pelo t\u00e9cnico portugu\u00eas Marco Silva, recebe em Craven Cottage o Manchester City na ter\u00e7a-feira, pelas&hellip;\n","protected":false},"author":2,"featured_media":172651,"comment_status":"","ping_status":"","sticky":false,"template":"","format":"standard","meta":{"footnotes":""},"categories":[87],"tags":[135,3362,2961,665,82,436,46,1382,3363,2960,32,666,33,47,134],"class_list":{"0":"post-172650","1":"post","2":"type-post","3":"status-publish","4":"format-standard","5":"has-post-thumbnail","7":"category-desporto","8":"tag-desporto","9":"tag-fulham","10":"tag-guardiola","11":"tag-inglaterra","12":"tag-internacional","13":"tag-made-in","14":"tag-maisfutebol","15":"tag-manchester-city","16":"tag-marco-silva","17":"tag-pep-guardiola","18":"tag-portugal","19":"tag-premier-league","20":"tag-pt","21":"tag-pura-paixao","22":"tag-sports"},"share_on_mastodon":{"url":"https:\/\/pubeurope.com\/@pt\/115647814459365416","error":""},"_links":{"self":[{"href":"https:\/\/www.europesays.com\/pt\/wp-json\/wp\/v2\/posts\/172650","targetHints":{"allow":["GET"]}}],"collection":[{"href":"https:\/\/www.europesays.com\/pt\/wp-json\/wp\/v2\/posts"}],"about":[{"href":"https:\/\/www.europesays.com\/pt\/wp-json\/wp\/v2\/types\/post"}],"author":[{"embeddable":true,"href":"https:\/\/www.europesays.com\/pt\/wp-json\/wp\/v2\/users\/2"}],"replies":[{"embeddable":true,"href":"https:\/\/www.europesays.com\/pt\/wp-json\/wp\/v2\/comments?post=172650"}],"version-history":[{"count":0,"href":"https:\/\/www.europesays.com\/pt\/wp-json\/wp\/v2\/posts\/172650\/revisions"}],"wp:featuredmedia":[{"embeddable":true,"href":"https:\/\/www.europesays.com\/pt\/wp-json\/wp\/v2\/media\/172651"}],"wp:attachment":[{"href":"https:\/\/www.europesays.com\/pt\/wp-json\/wp\/v2\/media?parent=172650"}],"wp:term":[{"taxonomy":"category","embeddable":true,"href":"https:\/\/www.europesays.com\/pt\/wp-json\/wp\/v2\/categories?post=172650"},{"taxonomy":"post_tag","embeddable":true,"href":"https:\/\/www.europesays.com\/pt\/wp-json\/wp\/v2\/tags?post=172650"}],"curies":[{"name":"wp","href":"https:\/\/api.w.org\/{rel}","templated":true}]}}