{"id":172655,"date":"2025-12-02T03:23:09","date_gmt":"2025-12-02T03:23:09","guid":{"rendered":"https:\/\/www.europesays.com\/pt\/172655\/"},"modified":"2025-12-02T03:23:09","modified_gmt":"2025-12-02T03:23:09","slug":"casa-branca-admite-segundo-ataque-a-sobreviventes-de-barco-bombardeado","status":"publish","type":"post","link":"https:\/\/www.europesays.com\/pt\/172655\/","title":{"rendered":"Casa Branca admite segundo ataque a sobreviventes de barco bombardeado"},"content":{"rendered":"<p data-remotead-prev-elm=\"true\" data-remotead-elm-id=\"inread\">Esta opera\u00e7\u00e3o ofensiva foi o primeira de dezenas que ocorreram nos meses seguintes, deixando mais de 80 mortos. A Administra\u00e7\u00e3o Trump insistiu que est\u00e1 efetivamente em guerra contra os alegados &#8220;narcoterroristas&#8221;, e a Casa Branca afirmou que o Almirante Frank Bradley, que atualmente comanda o Comando de Opera\u00e7\u00f5es Especiais dos EUA, agiu de forma legal e correta ao ordenar o segundo ataque contra os sobreviventes.<\/p>\n<p>Bradley &#8220;agiu dentro da sua autoridade e da lei ao dirigir a opera\u00e7\u00e3o para garantir que a embarca\u00e7\u00e3o fosse destru\u00edda e a amea\u00e7a aos Estados Unidos da Am\u00e9rica fosse eliminada&#8221;, disse a secret\u00e1ria de Imprensa da Casa Branca, Karoline Leavitt, aos jornalistas. Hegseth &#8220;autorizou o Almirante Bradley a realizar estes ataques cin\u00e9ticos&#8221;, disse a porta-voz.<\/p>\n<p>Os meios de comunica\u00e7\u00e3o norte-americanos noticiaram na semana passada que um ataque inicial, a 2 de setembro, deixou duas pessoas vivas, que foram mortas num ataque subsequente para cumprir uma ordem de Hegseth. Na altura, Trump anunciou que 11 alegados membros do gangue venezuelano Tren de Aragua foram mortos no que descreveu como &#8220;um ataque cin\u00e9tico&#8221;.<\/p>\n<p data-remotead-prev-elm=\"true\" data-remotead-elm-id=\"centro1\">Os ataques subsequentes que deixaram sobreviventes foram seguidos de opera\u00e7\u00f5es de busca e salvamento que recuperaram duas pessoas num caso e n\u00e3o conseguiram encontrar outra em outubro.<\/p>\n<p>Hegseth insistiu que os ataques s\u00e3o legais, afirmando numa publica\u00e7\u00e3o recente no X que a ac\u00e7\u00e3o militar est\u00e1 &#8220;em conformidade com o direito dos conflitos armados e foi aprovada pelos melhores advogados militares e civis, em todos os n\u00edveis da cadeia de comando&#8221;. No entanto, a a\u00e7\u00e3o militar de 2 de setembro parece contrariar o pr\u00f3prio Manual de Direito da Guerra do Pent\u00e1gono, que afirma: &#8220;Por exemplo, as ordens para disparar sobre os n\u00e1ufragos seriam claramente ilegais&#8221;.<\/p>\n<p>Trump enviou os maiores avi\u00f5es do mundo e uma s\u00e9rie de outros recursos militares para as Cara\u00edbas, insistindo que est\u00e3o ali para opera\u00e7\u00f5es de combate ao narcotr\u00e1fico. As tens\u00f5es regionais aumentaram em resultado dos ataques e do refor\u00e7o militar, com o l\u00edder da Venezuela, Nicol\u00e1s Maduro, a acusar Washington de usar o narcotr\u00e1fico como pretexto para &#8220;impor uma mudan\u00e7a de regime&#8221; em Caracas.<\/p>\n<p>Maduro, cuja reelei\u00e7\u00e3o no ano passado foi rejeitada por Washington como fraudulenta, insiste que n\u00e3o h\u00e1 cultivo de drogas na Venezuela, que, segundo ele, \u00e9 usada como rota de tr\u00e1fico de coca\u00edna colombiana contra a sua vontade.<\/p>\n","protected":false},"excerpt":{"rendered":"Esta opera\u00e7\u00e3o ofensiva foi o primeira de dezenas que ocorreram nos meses seguintes, deixando mais de 80 mortos.&hellip;\n","protected":false},"author":2,"featured_media":172656,"comment_status":"","ping_status":"","sticky":false,"template":"","format":"standard","meta":{"footnotes":""},"categories":[50],"tags":[27,28,9109,413,15,16,14,25,26,21,22,62,7808,12,13,19,20,17087,21894,23,24,17,18,29,30,31,63,64,65],"class_list":{"0":"post-172655","1":"post","2":"type-post","3":"status-publish","4":"format-standard","5":"has-post-thumbnail","7":"category-mundo","8":"tag-breaking-news","9":"tag-breakingnews","10":"tag-caraibas","11":"tag-eua","12":"tag-featured-news","13":"tag-featurednews","14":"tag-headlines","15":"tag-latest-news","16":"tag-latestnews","17":"tag-main-news","18":"tag-mainnews","19":"tag-mundo","20":"tag-narcotrafico","21":"tag-news","22":"tag-noticias","23":"tag-noticias-principais","24":"tag-noticiasprincipais","25":"tag-pentagono","26":"tag-pete-hegseth","27":"tag-principais-noticias","28":"tag-principaisnoticias","29":"tag-top-stories","30":"tag-topstories","31":"tag-ultimas","32":"tag-ultimas-noticias","33":"tag-ultimasnoticias","34":"tag-world","35":"tag-world-news","36":"tag-worldnews"},"share_on_mastodon":{"url":"","error":""},"_links":{"self":[{"href":"https:\/\/www.europesays.com\/pt\/wp-json\/wp\/v2\/posts\/172655","targetHints":{"allow":["GET"]}}],"collection":[{"href":"https:\/\/www.europesays.com\/pt\/wp-json\/wp\/v2\/posts"}],"about":[{"href":"https:\/\/www.europesays.com\/pt\/wp-json\/wp\/v2\/types\/post"}],"author":[{"embeddable":true,"href":"https:\/\/www.europesays.com\/pt\/wp-json\/wp\/v2\/users\/2"}],"replies":[{"embeddable":true,"href":"https:\/\/www.europesays.com\/pt\/wp-json\/wp\/v2\/comments?post=172655"}],"version-history":[{"count":0,"href":"https:\/\/www.europesays.com\/pt\/wp-json\/wp\/v2\/posts\/172655\/revisions"}],"wp:featuredmedia":[{"embeddable":true,"href":"https:\/\/www.europesays.com\/pt\/wp-json\/wp\/v2\/media\/172656"}],"wp:attachment":[{"href":"https:\/\/www.europesays.com\/pt\/wp-json\/wp\/v2\/media?parent=172655"}],"wp:term":[{"taxonomy":"category","embeddable":true,"href":"https:\/\/www.europesays.com\/pt\/wp-json\/wp\/v2\/categories?post=172655"},{"taxonomy":"post_tag","embeddable":true,"href":"https:\/\/www.europesays.com\/pt\/wp-json\/wp\/v2\/tags?post=172655"}],"curies":[{"name":"wp","href":"https:\/\/api.w.org\/{rel}","templated":true}]}}