{"id":172659,"date":"2025-12-02T03:32:27","date_gmt":"2025-12-02T03:32:27","guid":{"rendered":"https:\/\/www.europesays.com\/pt\/172659\/"},"modified":"2025-12-02T03:32:27","modified_gmt":"2025-12-02T03:32:27","slug":"ex-fc-porto-recorda-golo-que-selou-final-da-libertadores-depois-ficou-tudo-escuro","status":"publish","type":"post","link":"https:\/\/www.europesays.com\/pt\/172659\/","title":{"rendered":"Ex-FC Porto recorda golo que selou final da Libertadores, depois \u00abficou tudo escuro\u00bb"},"content":{"rendered":"<p><a class=\"autolink-enabled\" data-resource-id=\"3811\" data-resource-type=\"player\" data-sport=\"football\" href=\"https:\/\/www.abola.pt\/futebol\/jogador\/danilo-3811\" rel=\"nofollow noopener\" target=\"_blank\">Danilo<\/a>,\u00a0ex-FC\u00a0Porto, foi o her\u00f3i da final da Ta\u00e7a <a class=\"autolink-enabled\" data-resource-id=\"35\" data-resource-type=\"competition\" data-sport=\"football\" href=\"https:\/\/www.abola.pt\/futebol\/competicao\/copa-libertadores-35\" rel=\"nofollow noopener\" target=\"_blank\">Libertadores<\/a>, ao anotar de cabe\u00e7a o golo da vit\u00f3ria do <a class=\"autolink-enabled\" data-resource-id=\"175\" data-resource-type=\"team\" data-sport=\"football\" href=\"https:\/\/www.abola.pt\/futebol\/flamengo-175\" rel=\"nofollow noopener\" target=\"_blank\">Flamengo<\/a> sobre o Palmeiras, no jogo em Lima, Peru.<\/p>\n<p>O golo surgiu na sequ\u00eancia de um canto marcado por De\u00a0Arrascaeta, e Danilo contou como mentalizou a trajet\u00f3ria da bola para conseguir marcar.<\/p>\n<p>\u00abNormalmente fico \u00e0 entrada da \u00e1rea, gosto de atacar vindo de tr\u00e1s, vejo os espa\u00e7os que a defesa pode deixar. E fui repetindo para mim mesmo \u2018procura a bola, procura a bola\u2019. Nos cantos anteriores\u00a0ataquei o\u00a0primeiro poste, mas\u00a0o Palmeiras estava muito forte\u00a0ali e pensei ir para mais perto da baliza.\u00a0Quando o\u00a0Arrascaeta\u00a0bateu a bola\u00a0veio mais alta, e eu s\u00f3\u00a0precisei\u00a0de\u00a0saltar, dei energia \u00e0s pernas, treino muito isso\u00bb, contou no programa Fant\u00e1stico.<\/p>\n<p>Mas\u00a0se antes reviu tudo na cabe\u00e7a, ap\u00f3s o golo tudo se desvaneceu:\u00a0\u00abDepois, ficou tudo escuro. N\u00e3o\u00a0me\u00a0lembro de mais nada.\u00bb<\/p>\n","protected":false},"excerpt":{"rendered":"Danilo,\u00a0ex-FC\u00a0Porto, foi o her\u00f3i da final da Ta\u00e7a Libertadores, ao anotar de cabe\u00e7a o golo da vit\u00f3ria do&hellip;\n","protected":false},"author":2,"featured_media":172660,"comment_status":"","ping_status":"","sticky":false,"template":"","format":"standard","meta":{"footnotes":""},"categories":[87],"tags":[135,32,33,134],"class_list":{"0":"post-172659","1":"post","2":"type-post","3":"status-publish","4":"format-standard","5":"has-post-thumbnail","7":"category-desporto","8":"tag-desporto","9":"tag-portugal","10":"tag-pt","11":"tag-sports"},"share_on_mastodon":{"url":"https:\/\/pubeurope.com\/@pt\/115647869397234038","error":""},"_links":{"self":[{"href":"https:\/\/www.europesays.com\/pt\/wp-json\/wp\/v2\/posts\/172659","targetHints":{"allow":["GET"]}}],"collection":[{"href":"https:\/\/www.europesays.com\/pt\/wp-json\/wp\/v2\/posts"}],"about":[{"href":"https:\/\/www.europesays.com\/pt\/wp-json\/wp\/v2\/types\/post"}],"author":[{"embeddable":true,"href":"https:\/\/www.europesays.com\/pt\/wp-json\/wp\/v2\/users\/2"}],"replies":[{"embeddable":true,"href":"https:\/\/www.europesays.com\/pt\/wp-json\/wp\/v2\/comments?post=172659"}],"version-history":[{"count":0,"href":"https:\/\/www.europesays.com\/pt\/wp-json\/wp\/v2\/posts\/172659\/revisions"}],"wp:featuredmedia":[{"embeddable":true,"href":"https:\/\/www.europesays.com\/pt\/wp-json\/wp\/v2\/media\/172660"}],"wp:attachment":[{"href":"https:\/\/www.europesays.com\/pt\/wp-json\/wp\/v2\/media?parent=172659"}],"wp:term":[{"taxonomy":"category","embeddable":true,"href":"https:\/\/www.europesays.com\/pt\/wp-json\/wp\/v2\/categories?post=172659"},{"taxonomy":"post_tag","embeddable":true,"href":"https:\/\/www.europesays.com\/pt\/wp-json\/wp\/v2\/tags?post=172659"}],"curies":[{"name":"wp","href":"https:\/\/api.w.org\/{rel}","templated":true}]}}