{"id":172667,"date":"2025-12-02T03:46:39","date_gmt":"2025-12-02T03:46:39","guid":{"rendered":"https:\/\/www.europesays.com\/pt\/172667\/"},"modified":"2025-12-02T03:46:39","modified_gmt":"2025-12-02T03:46:39","slug":"fc-porto-vitoria-sc-bilhetes-2","status":"publish","type":"post","link":"https:\/\/www.europesays.com\/pt\/172667\/","title":{"rendered":"FC Porto \u2013 Vit\u00f3ria SC: bilhetes"},"content":{"rendered":"<p>Encontro agendado para a pr\u00f3xima quinta-feira, dia 4 de novembro, no Est\u00e1dio do Drag\u00e3o.<img data-lazyloaded=\"1\" fetchpriority=\"high\" decoding=\"async\" width=\"1024\" height=\"683\" src=\"https:\/\/www.europesays.com\/pt\/wp-content\/uploads\/2025\/12\/7-6196-2-1024x683.jpg\" alt=\"\" class=\"wp-image-91993\"  data-\/><\/p>\n<p>Depois de mais um triunfo caseiro a contar para a Liga Portugal, o Vit\u00f3ria Sport Clube prepara-se agora para entrar no modo Ta\u00e7a da Liga. O encontro dos quartos-de-final da Allianz Cup vai levar os Conquistadores de Lu\u00eds Pinto ao Est\u00e1dio do Drag\u00e3o para defrontar o FC Porto. A partida est\u00e1 agendada para as 20h15 da pr\u00f3xima quinta-feira, dia 4 de dezembro.<\/p>\n<p>Os bilhetes para os s\u00f3cios vitorianos podem ser adquiridos no Atendimento ao Associado e na plataforma digital SmartFan Tickets e t\u00eam o custo unit\u00e1rio de nove euros, havendo a possibilidade de adquirir um pack com ingresso de jogo e transporte at\u00e9 ao Est\u00e1dio do Drag\u00e3o por 20 euros.<\/p>\n<p><strong>Atendimento ao Associado \u2013 Est\u00e1dio D. Afonso Henriques<\/strong><\/p>\n<p>Feriado (01\/12), encerrado<\/p>\n<p>Dias \u00fateis, das 09h30 \u00e0s 12h30 e das 14h \u00e0s 18h<\/p>\n<p><strong><a href=\"https:\/\/smartfan.tickets\/VITORIASC\" target=\"_blank\" rel=\"noopener nofollow\">ONLINE<\/a><\/strong><\/p>\n<p><a href=\"https:\/\/vitoriasc.pt\/app.html\" rel=\"nofollow noopener\" target=\"_blank\"><img loading=\"lazy\" decoding=\"async\" data-lazyloaded=\"1\" width=\"720\" height=\"200\" style=\"width:100%;\" src=\"\/wp-content\/uploads\/2025\/08\/banner_app-1.jpeg\"\/><\/a><\/p>\n","protected":false},"excerpt":{"rendered":"Encontro agendado para a pr\u00f3xima quinta-feira, dia 4 de novembro, no Est\u00e1dio do Drag\u00e3o. Depois de mais um&hellip;\n","protected":false},"author":2,"featured_media":172668,"comment_status":"","ping_status":"","sticky":false,"template":"","format":"standard","meta":{"footnotes":""},"categories":[87],"tags":[135,32,33,134],"class_list":{"0":"post-172667","1":"post","2":"type-post","3":"status-publish","4":"format-standard","5":"has-post-thumbnail","7":"category-desporto","8":"tag-desporto","9":"tag-portugal","10":"tag-pt","11":"tag-sports"},"share_on_mastodon":{"url":"https:\/\/pubeurope.com\/@pt\/115647924701393873","error":""},"_links":{"self":[{"href":"https:\/\/www.europesays.com\/pt\/wp-json\/wp\/v2\/posts\/172667","targetHints":{"allow":["GET"]}}],"collection":[{"href":"https:\/\/www.europesays.com\/pt\/wp-json\/wp\/v2\/posts"}],"about":[{"href":"https:\/\/www.europesays.com\/pt\/wp-json\/wp\/v2\/types\/post"}],"author":[{"embeddable":true,"href":"https:\/\/www.europesays.com\/pt\/wp-json\/wp\/v2\/users\/2"}],"replies":[{"embeddable":true,"href":"https:\/\/www.europesays.com\/pt\/wp-json\/wp\/v2\/comments?post=172667"}],"version-history":[{"count":0,"href":"https:\/\/www.europesays.com\/pt\/wp-json\/wp\/v2\/posts\/172667\/revisions"}],"wp:featuredmedia":[{"embeddable":true,"href":"https:\/\/www.europesays.com\/pt\/wp-json\/wp\/v2\/media\/172668"}],"wp:attachment":[{"href":"https:\/\/www.europesays.com\/pt\/wp-json\/wp\/v2\/media?parent=172667"}],"wp:term":[{"taxonomy":"category","embeddable":true,"href":"https:\/\/www.europesays.com\/pt\/wp-json\/wp\/v2\/categories?post=172667"},{"taxonomy":"post_tag","embeddable":true,"href":"https:\/\/www.europesays.com\/pt\/wp-json\/wp\/v2\/tags?post=172667"}],"curies":[{"name":"wp","href":"https:\/\/api.w.org\/{rel}","templated":true}]}}