{"id":172675,"date":"2025-12-02T04:00:55","date_gmt":"2025-12-02T04:00:55","guid":{"rendered":"https:\/\/www.europesays.com\/pt\/172675\/"},"modified":"2025-12-02T04:00:55","modified_gmt":"2025-12-02T04:00:55","slug":"onde-ver-o-barcelona-x-atletico-madrid-o-1o-classico-no-renovado-camp-nou","status":"publish","type":"post","link":"https:\/\/www.europesays.com\/pt\/172675\/","title":{"rendered":"Onde ver o Barcelona x Atl\u00e9tico Madrid, o 1\u00ba Cl\u00e1ssico no renovado Camp Nou?"},"content":{"rendered":"<p>&#8211; Advertisement &#8211;<\/p>\n<p><strong>O Barcelona regressa ao Camp Nou para um jogo grande da La Liga. Duelo diante do Atl\u00e9tico Madrid a meio da semana. <\/strong><\/p>\n<p>O Barcelona <a href=\"https:\/\/bolanarede.pt\/especial-bola-na-rede\/atualidade\/dani-olmo-bisa-e-barcelona-regressa-as-vitorias-diante-do-alaves\/\" target=\"_blank\" rel=\"noreferrer noopener nofollow\">regressou ao Camp Nou este fim-de-semana<\/a> e dar\u00e1 muito uso ao est\u00e1dio \u2013 agora renovado e reinaugurado \u2013 nos pr\u00f3ximos dias. Cul\u00e9s v\u00e3o defrontar o Atl\u00e9tico Madrid a meio da semana. <\/p>\n<p>O Barcelona x Atl\u00e9tico Madrid joga-se esta ter\u00e7a-feira, dia 2 de dezembro, a partir das 20h. O duelo tem transmiss\u00e3o televisiva na <strong>DAZN 1<\/strong>. <\/p>\n<p>Barcelona e Atl\u00e9tico Madrid chegam ao jogo separados por apenas tr\u00eas pontos: cul\u00e9s t\u00eam 34 e colchoneros t\u00eam 31. <\/p>\n","protected":false},"excerpt":{"rendered":"&#8211; Advertisement &#8211; O Barcelona regressa ao Camp Nou para um jogo grande da La Liga. Duelo diante&hellip;\n","protected":false},"author":2,"featured_media":172676,"comment_status":"","ping_status":"","sticky":false,"template":"","format":"standard","meta":{"footnotes":""},"categories":[87],"tags":[3171,260,1235,135,5705,32,33,134],"class_list":{"0":"post-172675","1":"post","2":"type-post","3":"status-publish","4":"format-standard","5":"has-post-thumbnail","7":"category-desporto","8":"tag-atletico-madrid","9":"tag-atualidade","10":"tag-barcelona","11":"tag-desporto","12":"tag-la-liga","13":"tag-portugal","14":"tag-pt","15":"tag-sports"},"share_on_mastodon":{"url":"https:\/\/pubeurope.com\/@pt\/115647983345483148","error":""},"_links":{"self":[{"href":"https:\/\/www.europesays.com\/pt\/wp-json\/wp\/v2\/posts\/172675","targetHints":{"allow":["GET"]}}],"collection":[{"href":"https:\/\/www.europesays.com\/pt\/wp-json\/wp\/v2\/posts"}],"about":[{"href":"https:\/\/www.europesays.com\/pt\/wp-json\/wp\/v2\/types\/post"}],"author":[{"embeddable":true,"href":"https:\/\/www.europesays.com\/pt\/wp-json\/wp\/v2\/users\/2"}],"replies":[{"embeddable":true,"href":"https:\/\/www.europesays.com\/pt\/wp-json\/wp\/v2\/comments?post=172675"}],"version-history":[{"count":0,"href":"https:\/\/www.europesays.com\/pt\/wp-json\/wp\/v2\/posts\/172675\/revisions"}],"wp:featuredmedia":[{"embeddable":true,"href":"https:\/\/www.europesays.com\/pt\/wp-json\/wp\/v2\/media\/172676"}],"wp:attachment":[{"href":"https:\/\/www.europesays.com\/pt\/wp-json\/wp\/v2\/media?parent=172675"}],"wp:term":[{"taxonomy":"category","embeddable":true,"href":"https:\/\/www.europesays.com\/pt\/wp-json\/wp\/v2\/categories?post=172675"},{"taxonomy":"post_tag","embeddable":true,"href":"https:\/\/www.europesays.com\/pt\/wp-json\/wp\/v2\/tags?post=172675"}],"curies":[{"name":"wp","href":"https:\/\/api.w.org\/{rel}","templated":true}]}}