{"id":172677,"date":"2025-12-02T04:02:18","date_gmt":"2025-12-02T04:02:18","guid":{"rendered":"https:\/\/www.europesays.com\/pt\/172677\/"},"modified":"2025-12-02T04:02:18","modified_gmt":"2025-12-02T04:02:18","slug":"saude-de-vitoria-promove-xiii-forum-municipal-de-praticas-integrativas-e-complementares-do-sus-prefeitura-de-vitoria","status":"publish","type":"post","link":"https:\/\/www.europesays.com\/pt\/172677\/","title":{"rendered":"Sa\u00fade de Vit\u00f3ria promove XIII F\u00f3rum Municipal de Pr\u00e1ticas Integrativas e Complementares do SUS \u2013 Prefeitura de Vit\u00f3ria"},"content":{"rendered":"<p>                      Sa\u00fade de Vit\u00f3ria promove XIII F\u00f3rum Municipal de Pr\u00e1ticas Integrativas e Complementares do SUS<\/p>\n<ul class=\"list-unstyled ods\">\n<li>\n                          <a href=\"https:\/\/observavix.vitoria.es.gov.br\/objetivo\/3\" rel=\"external nofollow noopener\" title=\"Sa\u00fade e bem-estar\" target=\"_blank\"><img loading=\"lazy\" decoding=\"async\" src=\"https:\/\/www.europesays.com\/pt\/wp-content\/uploads\/2025\/08\/ods_3.png\" width=\"50\" height=\"50\" alt=\"Sa\u00fade e bem-estar\"\/><\/a>\n                        <\/li>\n<\/ul>\n<p>\n                          Foto Divulga\u00e7\u00e3o\n                        <\/p>\n<p>                          <img loading=\"lazy\" decoding=\"async\" src=\"https:\/\/www.europesays.com\/pt\/wp-content\/uploads\/2025\/12\/normal@2x.jpg\" width=\"700\" height=\"394\" alt=\"Sa\u00fade de Vit\u00f3ria promove XIII F\u00f3rum Municipal de Pr\u00e1ticas Integrativas e Complementares do SUS\" class=\"img-rounded img-responsive sombreado\"\/><\/p>\n<p>\n                          XIII F\u00f3rum Municipal de Pr\u00e1ticas Integrativas e Complementares do SUS.\n                        <\/p>\n<p>\n                          Foto Divulga\u00e7\u00e3o\n                        <\/p>\n<p>                          <img loading=\"lazy\" decoding=\"async\" src=\"https:\/\/www.europesays.com\/pt\/wp-content\/uploads\/2025\/12\/1764648138_451_normal@2x.jpg\" width=\"700\" height=\"394\" alt=\"Divulga\u00e7\u00e3o das abordagens terap\u00eauticas que visam prevenir agravos \u00e0 sa\u00fade\" class=\"img-rounded img-responsive sombreado\"\/><\/p>\n<p>\n                          Divulga\u00e7\u00e3o das abordagens terap\u00eauticas que visam prevenir agravos \u00e0 sa\u00fade.\n                        <\/p>\n<p>\n                      Vit\u00f3ria promoveu o XIII F\u00f3rum Municipal de Pr\u00e1ticas Integrativas e Complementares (PICS) do SUS com objetivo de divulgar as abordagens terap\u00eauticas que visam prevenir agravos \u00e0 sa\u00fade, a constru\u00e7\u00e3o de la\u00e7os terap\u00eauticos, a promo\u00e7\u00e3o e recupera\u00e7\u00e3o da sa\u00fade e a conex\u00e3o entre ser humano, meio ambiente e sociedade.\n                    <\/p>\n<p>\n                      O encontro aconteceu, entre os dias 27 e 28 de novembro, na Escola T\u00e9cnica do SUS (ETSUS), em Vit\u00f3ria, e contou com a presen\u00e7a da secret\u00e1ria de Sa\u00fade de Vit\u00f3ria, Magda Lamborghini.<\/p>\n<p>&#8220;As Pr\u00e1ticas Integrativas buscam um cuidado mais natural e menos medicamentoso para a sa\u00fade das pessoas, algo que sempre foi praticado pelas gera\u00e7\u00f5es mais antigas. E muitos desses ensinamentos chegaram at\u00e9 n\u00f3s atrav\u00e9s de nossas m\u00e3es, av\u00f3s. Vit\u00f3ria reconhece a import\u00e2ncia das Pr\u00e1ticas Integrativas e vem apoiando essa iniciativa nos espa\u00e7os da sa\u00fade municipal&#8221;, afirmou.\n                    <\/p>\n<p>\n                      Na ocasi\u00e3o o coordenador da Pol\u00edtica Nacional de Pr\u00e1ticas Integrativas e Complementares no SUS, representando o Minist\u00e9rio da Sa\u00fade, Daniel Amado, enviou um v\u00eddeo para os participantes do F\u00f3rum Municipal elogiando a trajet\u00f3ria das PICS em Vit\u00f3ria e a iniciativa com o evento.\n                    <\/p>\n<p>\n                      Para a refer\u00eancia em PICS de Vit\u00f3ria, a m\u00e9dica fitoterapeuta e homeopata, Dr\u00aa Henriqueta Sacramento, al\u00e9m de trazer novas e importantes informa\u00e7\u00f5es relacionadas \u00e0s Pr\u00e1ticas Integrativas, o evento tamb\u00e9m \u00e9 um espa\u00e7o valioso para compartilhar experi\u00eancias e refletir sobre as\u00a0PICS\u00a0na sa\u00fade p\u00fablica.\n                    <\/p>\n<p>                      Atividades<\/p>\n<p>\n                      O XIII F\u00f3rum Municipal de Pr\u00e1ticas Integrativas e Complementares em Sa\u00fade abordou a Medicina Ayurveda, com seu hist\u00f3rico e avan\u00e7os no s\u00e9culo XXI, inclusive na preven\u00e7\u00e3o e tratamento de doen\u00e7as cr\u00f4nicas, com a presen\u00e7a online do renomado m\u00e9dico e professor de Ayurveda, Jos\u00e9 Rugu\u00ea, e com a m\u00e9dica e professora Rosane Mageste.\n                    <\/p>\n<p>\n                      Outro assunto levado ao evento foi a Interdisciplinaridade entre a Medicina Tradicional Complementar e a Medicina Integrativa no SUS em uma Mesa Redonda.\n                    <\/p>\n<p>\n                      Os participantes ainda puderam escolher oficinas e viv\u00eancias para praticar Yoga, Yoga do Riso, Musicoterapia, produ\u00e7\u00e3o de sach\u00eas arom\u00e1ticos para escalda-p\u00e9s e Biodanza.\n                    <\/p>\n<p>\n                      O evento tamb\u00e9m reservou espa\u00e7o para divulgar iniciativas de gera\u00e7\u00e3o de renda que tiveram in\u00edcio em servi\u00e7os e atividades voltadas \u00e0 sa\u00fade mental no munic\u00edpio de Vit\u00f3ria. Assim, os participantes puderam adquirir materiais confeccionados por pacientes e contribuir com a Oficina Estampando Horizontes, do Centro de Aten\u00e7\u00e3o Psicossocial (Caps) de S\u00e3o Pedro, com as Guerreiras da Unidade B\u00e1sica de Sa\u00fade (UBS) de Santo Andr\u00e9, na Grande S\u00e3o Pedro, ou tamb\u00e9m com a Oficina Perdendo da Linha, da UBS Grande Vit\u00f3ria.\n                    <\/p>\n<p>                      Experi\u00eancias Exitosas<\/p>\n<p>\n                      O F\u00f3rum tamb\u00e9m abriu espa\u00e7o para profissionais de sa\u00fade de todo o Esp\u00edrito Santo apresentarem suas experi\u00eancias na V Mostra Estadual de Experi\u00eancias Exitosas em PICS. Com isso, os participantes puderam ver pr\u00e1ticas e objetivos diversos relacionados \u00e0s Pr\u00e1ticas Integrativas.\n                    <\/p>\n<p>                      Jardins Terap\u00eauticos<\/p>\n<p>\n                      O evento consolidou mais um importante momento de troca de experi\u00eancias com o III Encontro Municipal dos Jardins Terap\u00eauticos e Hortas Urbanas comunit\u00e1rias, onde profissionais de sa\u00fade e mun\u00edcipes dialogam sobre os desafios e benef\u00edcios presentes nesta pr\u00e1tica.\n                    <\/p>\n","protected":false},"excerpt":{"rendered":"Sa\u00fade de Vit\u00f3ria promove XIII F\u00f3rum Municipal de Pr\u00e1ticas Integrativas e Complementares do SUS Foto Divulga\u00e7\u00e3o XIII F\u00f3rum&hellip;\n","protected":false},"author":2,"featured_media":31228,"comment_status":"","ping_status":"","sticky":false,"template":"","format":"standard","meta":{"footnotes":""},"categories":[86],"tags":[31602,31454,116,36064,32,33,117,10214,1698],"class_list":{"0":"post-172677","1":"post","2":"type-post","3":"status-publish","4":"format-standard","5":"has-post-thumbnail","7":"category-saude","8":"tag-etsus","9":"tag-forum","10":"tag-health","11":"tag-pics","12":"tag-portugal","13":"tag-pt","14":"tag-saude","15":"tag-semus","16":"tag-vitoria"},"share_on_mastodon":{"url":"https:\/\/pubeurope.com\/@pt\/115647987485033076","error":""},"_links":{"self":[{"href":"https:\/\/www.europesays.com\/pt\/wp-json\/wp\/v2\/posts\/172677","targetHints":{"allow":["GET"]}}],"collection":[{"href":"https:\/\/www.europesays.com\/pt\/wp-json\/wp\/v2\/posts"}],"about":[{"href":"https:\/\/www.europesays.com\/pt\/wp-json\/wp\/v2\/types\/post"}],"author":[{"embeddable":true,"href":"https:\/\/www.europesays.com\/pt\/wp-json\/wp\/v2\/users\/2"}],"replies":[{"embeddable":true,"href":"https:\/\/www.europesays.com\/pt\/wp-json\/wp\/v2\/comments?post=172677"}],"version-history":[{"count":0,"href":"https:\/\/www.europesays.com\/pt\/wp-json\/wp\/v2\/posts\/172677\/revisions"}],"wp:featuredmedia":[{"embeddable":true,"href":"https:\/\/www.europesays.com\/pt\/wp-json\/wp\/v2\/media\/31228"}],"wp:attachment":[{"href":"https:\/\/www.europesays.com\/pt\/wp-json\/wp\/v2\/media?parent=172677"}],"wp:term":[{"taxonomy":"category","embeddable":true,"href":"https:\/\/www.europesays.com\/pt\/wp-json\/wp\/v2\/categories?post=172677"},{"taxonomy":"post_tag","embeddable":true,"href":"https:\/\/www.europesays.com\/pt\/wp-json\/wp\/v2\/tags?post=172677"}],"curies":[{"name":"wp","href":"https:\/\/api.w.org\/{rel}","templated":true}]}}