{"id":172682,"date":"2025-12-02T04:17:18","date_gmt":"2025-12-02T04:17:18","guid":{"rendered":"https:\/\/www.europesays.com\/pt\/172682\/"},"modified":"2025-12-02T04:17:18","modified_gmt":"2025-12-02T04:17:18","slug":"basquetebol-max-landis-falha-regresso-ao-fc-porto-e-termina-a-carreira","status":"publish","type":"post","link":"https:\/\/www.europesays.com\/pt\/172682\/","title":{"rendered":"Basquetebol: Max Landis falha regresso ao FC Porto e termina a carreira"},"content":{"rendered":"<p style=\"margin-bottom:11px\">Max Daniel Landis \u2013 ou o \u201cAmericano da Ribeira\u201d \u2013 anunciou o fim da carreira profissional aos 32 anos, um m\u00eas ap\u00f3s o t\u00e9rmino da \u00e9poca nos mexicanos do Canc\u00fan. Chegado \u00e0 Europa em 2016, o base e extremo passou por B\u00e9lgica e Alemanha, antes de assinar pelo FC Porto em 2019. Seguiram-se quase seis anos de conquistas \u2013 Ta\u00e7a de Portugal (duas), Ta\u00e7a da Liga e Superta\u00e7a (duas) \u2013 de espet\u00e1culo e de muito sacrif\u00edcio.<\/p>\n<p>Isto porque o norte-americano sofreu uma rotura completa do ligamento cruzado anterior do joelho esquerdo em dezembro de 2019, o que viria a acontecer no joelho direito em dezembro de 2020. J\u00e1 em 2023, Landis sofreu uma rotura do tend\u00e3o de Aquiles no p\u00e9 direito.<\/p>\n<p>Ao cabo de 136 jogos, o irreverente \u201c10\u201d registou m\u00e9dia de 18 pontos.<\/p>\n<p>Nas redes sociais, onde anunciou o t\u00e9rmino da carreira profissional iniciada em 2015, antigos colegas e advers\u00e1rios \u2013 incluindo atletas de Sporting e Benfica \u2013 deixaram mensagens de reconhecimento.<\/p>\n<p>O <strong>Maisfutebol <\/strong>sabe que Max Landis ponderou regressar a Portugal e at\u00e9 encetou negocia\u00e7\u00f5es com o FC Porto. Todavia, n\u00e3o alcan\u00e7aram bom porto e os <a href=\"https:\/\/maisfutebol.iol.pt\/fc-porto\/basquetebol\/basquetebol-fc-porto-contrata-base-corey-allen\" rel=\"nofollow noopener\" target=\"_blank\">drag\u00f5es anunciaram o base Corey Allen<\/a>.<\/p>\n<p>De recordar que os portistas n\u00e3o contam com os lesionados Omlid e Miguel Queiroz \u2013 baixa at\u00e9 ao final da \u00e9poca \u2013 j\u00e1 foram eliminados da Ta\u00e7a Europa e levam cinco derrotas em seis jogos (duas na Ta\u00e7a Europa, duas na Liga e uma na Ta\u00e7a da Liga), vivendo uma das piores fases neste s\u00e9culo. Ao cabo de 16 jogos, os portistas encaixaram 10 desaires.<\/p>\n<p>Os comandados de Fernando S\u00e1 ocupam o oitavo lugar da Liga, com nove pontos \u2013 igualados com Sp. Braga, Esgueira e Oliveirense (5.\u00aa) \u2013 e visitam o Queluz (4.\u00ba) no s\u00e1bado (18h45).<\/p>\n<blockquote class=\"instagram-media\" data-instgrm-captioned=\"\" data-instgrm-permalink=\"https:\/\/www.instagram.com\/p\/DRsisjDkjBB\/?utm_source=ig_embed&amp;utm_campaign=loading\" data-instgrm-version=\"14\" style=\" background:#FFF; border:0; border-radius:3px; box-shadow:0 0 1px 0 rgba(0,0,0,0.5),0 1px 10px 0 rgba(0,0,0,0.15); margin: 1px; max-width:540px; min-width:326px; padding:0; width:99.375%; width:-webkit-calc(100% - 2px); width:calc(100% - 2px);\">\n<\/blockquote>\n<p>                                <script async src=\"\/\/www.instagram.com\/embed.js\"><\/script><\/p>\n","protected":false},"excerpt":{"rendered":"Max Daniel Landis \u2013 ou o \u201cAmericano da Ribeira\u201d \u2013 anunciou o fim da carreira profissional aos 32&hellip;\n","protected":false},"author":2,"featured_media":172683,"comment_status":"","ping_status":"","sticky":false,"template":"","format":"standard","meta":{"footnotes":""},"categories":[87],"tags":[2694,36065,135,282,36067,46,36066,41,12644,1830,462,32,33,47,134],"class_list":{"0":"post-172682","1":"post","2":"type-post","3":"status-publish","4":"format-standard","5":"has-post-thumbnail","7":"category-desporto","8":"tag-basquetebol","9":"tag-basquetebol-fc-porto","10":"tag-desporto","11":"tag-fc-porto","12":"tag-landis","13":"tag-maisfutebol","14":"tag-max-landis","15":"tag-mercado-de-transferencias","16":"tag-mercado-fc-porto","17":"tag-modalidades","18":"tag-porto","19":"tag-portugal","20":"tag-pt","21":"tag-pura-paixao","22":"tag-sports"},"share_on_mastodon":{"url":"https:\/\/pubeurope.com\/@pt\/115648046298460303","error":""},"_links":{"self":[{"href":"https:\/\/www.europesays.com\/pt\/wp-json\/wp\/v2\/posts\/172682","targetHints":{"allow":["GET"]}}],"collection":[{"href":"https:\/\/www.europesays.com\/pt\/wp-json\/wp\/v2\/posts"}],"about":[{"href":"https:\/\/www.europesays.com\/pt\/wp-json\/wp\/v2\/types\/post"}],"author":[{"embeddable":true,"href":"https:\/\/www.europesays.com\/pt\/wp-json\/wp\/v2\/users\/2"}],"replies":[{"embeddable":true,"href":"https:\/\/www.europesays.com\/pt\/wp-json\/wp\/v2\/comments?post=172682"}],"version-history":[{"count":0,"href":"https:\/\/www.europesays.com\/pt\/wp-json\/wp\/v2\/posts\/172682\/revisions"}],"wp:featuredmedia":[{"embeddable":true,"href":"https:\/\/www.europesays.com\/pt\/wp-json\/wp\/v2\/media\/172683"}],"wp:attachment":[{"href":"https:\/\/www.europesays.com\/pt\/wp-json\/wp\/v2\/media?parent=172682"}],"wp:term":[{"taxonomy":"category","embeddable":true,"href":"https:\/\/www.europesays.com\/pt\/wp-json\/wp\/v2\/categories?post=172682"},{"taxonomy":"post_tag","embeddable":true,"href":"https:\/\/www.europesays.com\/pt\/wp-json\/wp\/v2\/tags?post=172682"}],"curies":[{"name":"wp","href":"https:\/\/api.w.org\/{rel}","templated":true}]}}