{"id":172693,"date":"2025-12-02T04:35:34","date_gmt":"2025-12-02T04:35:34","guid":{"rendered":"https:\/\/www.europesays.com\/pt\/172693\/"},"modified":"2025-12-02T04:35:34","modified_gmt":"2025-12-02T04:35:34","slug":"iphone-air-flop-provoca-retirada-da-industria-de-telefones-ultrafinos","status":"publish","type":"post","link":"https:\/\/www.europesays.com\/pt\/172693\/","title":{"rendered":"iPhone Air Flop provoca retirada da ind\u00fastria de telefones ultrafinos"},"content":{"rendered":"<p>As decepcionantes vendas do iPhone Air da Apple est\u00e3o fazendo com que os principais fornecedores chineses de celulares desfa\u00e7am ou congelem seus pr\u00f3prios projetos de telefones ultrafinos, de acordo com relat\u00f3rios vindos da \u00c1sia.<\/p>\n<p>Desde o lan\u00e7amento do \u200ciPhone Air\u200c em setembro, houve relatos de vendas fracas e cortes na fabrica\u00e7\u00e3o, enquanto a cadeia de suprimentos da Apple reduziu as remessas e a produ\u00e7\u00e3o.<\/p>\n<p>O fornecedor da Apple, Foxconn, supostamente desmantelou todas as suas linhas de produ\u00e7\u00e3o do \u200ciPhone Air\u200c, enquanto Luxshare, outro fornecedor, interrompeu a produ\u00e7\u00e3o no final de outubro.<\/p>\n<p>Como resultado da m\u00e1 recep\u00e7\u00e3o do dispositivo entre os consumidores, fabricantes rivais de smartphones, incluindo Xiaomi, Oppo, Vivo e outros, cancelaram ou ajustaram seus planos de desenvolvimento para modelos estilo Air e realocaram solu\u00e7\u00f5es eSIM destinadas aos dispositivos para outras linhas de produ\u00e7\u00e3o.<\/p>\n<p>A Xiaomi supostamente planejou um \u201cverdadeiro modelo Air\u201d para rivalizar com a oferta da Apple, enquanto a Vivo visava a magreza em sua s\u00e9rie S de gama m\u00e9dia. Ambas as empresas teriam suspendido projetos relacionados, mas ainda n\u00e3o comentaram oficialmente.<\/p>\n<p>A Apple confiou no novo visual do iPhone Air para gerar entusiasmo \u2013 \u00e9 a primeira grande reformula\u00e7\u00e3o do iPhone desde que o iPhone X introduziu o Face ID e uma frente com tela inteira em 2017. No entanto, alcan\u00e7ar um perfil superfino de 5,6 mm exigiu compensa\u00e7\u00f5es. O iPhone Air usa uma bateria menor e uma \u00fanica c\u00e2mera traseira, mas ainda assim tem um pre\u00e7o premium.<\/p>\n<p>A partir de US$ 999, parece muito caro para o que muitos compradores consideram estilo em detrimento da subst\u00e2ncia. Ele fica apenas US$ 100 abaixo do iPhone 17 Pro de US$ 1.099, que oferece um sistema de c\u00e2mera de lente tripla e bateria com dura\u00e7\u00e3o muito melhor.<\/p>\n<p>Diz-se tamb\u00e9m que a resposta morna do consumidor for\u00e7ou a Apple a voltar \u00e0 prancheta: um relat\u00f3rio de A informa\u00e7\u00e3o afirma que a Apple atrasou o iPhone Air de segunda gera\u00e7\u00e3o enquanto redesenha o dispositivo para caber potencialmente em uma segunda c\u00e2mera e melhorar a vida \u00fatil da bateria.<\/p>\n<p>Aparentemente, tem sido uma hist\u00f3ria semelhante para o Galaxy S25 Edge da Samsung, a oferta ultrafina equivalente da empresa coreana. A Samsung supostamente <a href=\"https:\/\/m.newspim.com\/news\/view\/20251016000725\" rel=\"nofollow noopener\" target=\"_blank\">cancelado<\/a> o Galaxy S26 Edge e interrompeu a produ\u00e7\u00e3o do Galaxy S25 Edge, devido \u00e0s vendas fracas.<\/p>\n<p>(Atrav\u00e9s <a href=\"https:\/\/www.digitimes.com\/news\/a20251127PD228\/iphone-smartphone-sales-production-huawei-xiaomi.html\" rel=\"nofollow noopener\" target=\"_blank\">DigiTimes<\/a>.)<\/p>\n","protected":false},"excerpt":{"rendered":"As decepcionantes vendas do iPhone Air da Apple est\u00e3o fazendo com que os principais fornecedores chineses de celulares&hellip;\n","protected":false},"author":2,"featured_media":172694,"comment_status":"","ping_status":"","sticky":false,"template":"","format":"standard","meta":{"footnotes":""},"categories":[84],"tags":[109,107,108,32,33,105,103,104,106,110],"class_list":{"0":"post-172693","1":"post","2":"type-post","3":"status-publish","4":"format-standard","5":"has-post-thumbnail","7":"category-ciencia-e-tecnologia","8":"tag-ciencia","9":"tag-ciencia-e-tecnologia","10":"tag-cienciaetecnologia","11":"tag-portugal","12":"tag-pt","13":"tag-science","14":"tag-science-and-technology","15":"tag-scienceandtechnology","16":"tag-technology","17":"tag-tecnologia"},"share_on_mastodon":{"url":"https:\/\/pubeurope.com\/@pt\/115648117034652758","error":""},"_links":{"self":[{"href":"https:\/\/www.europesays.com\/pt\/wp-json\/wp\/v2\/posts\/172693","targetHints":{"allow":["GET"]}}],"collection":[{"href":"https:\/\/www.europesays.com\/pt\/wp-json\/wp\/v2\/posts"}],"about":[{"href":"https:\/\/www.europesays.com\/pt\/wp-json\/wp\/v2\/types\/post"}],"author":[{"embeddable":true,"href":"https:\/\/www.europesays.com\/pt\/wp-json\/wp\/v2\/users\/2"}],"replies":[{"embeddable":true,"href":"https:\/\/www.europesays.com\/pt\/wp-json\/wp\/v2\/comments?post=172693"}],"version-history":[{"count":0,"href":"https:\/\/www.europesays.com\/pt\/wp-json\/wp\/v2\/posts\/172693\/revisions"}],"wp:featuredmedia":[{"embeddable":true,"href":"https:\/\/www.europesays.com\/pt\/wp-json\/wp\/v2\/media\/172694"}],"wp:attachment":[{"href":"https:\/\/www.europesays.com\/pt\/wp-json\/wp\/v2\/media?parent=172693"}],"wp:term":[{"taxonomy":"category","embeddable":true,"href":"https:\/\/www.europesays.com\/pt\/wp-json\/wp\/v2\/categories?post=172693"},{"taxonomy":"post_tag","embeddable":true,"href":"https:\/\/www.europesays.com\/pt\/wp-json\/wp\/v2\/tags?post=172693"}],"curies":[{"name":"wp","href":"https:\/\/api.w.org\/{rel}","templated":true}]}}