{"id":172695,"date":"2025-12-02T04:41:06","date_gmt":"2025-12-02T04:41:06","guid":{"rendered":"https:\/\/www.europesays.com\/pt\/172695\/"},"modified":"2025-12-02T04:41:06","modified_gmt":"2025-12-02T04:41:06","slug":"liliana-aguiar-abre-o-coracao-sobre-o-filho-mais-novo-o-dubai-fe-lo-crescer","status":"publish","type":"post","link":"https:\/\/www.europesays.com\/pt\/172695\/","title":{"rendered":"Liliana Aguiar abre o cora\u00e7\u00e3o sobre o filho mais novo: &#8220;O Dubai f\u00ea-lo crescer&#8221;"},"content":{"rendered":"<p>Recentemente, foi dia de festa para <a href=\"https:\/\/selfie.iol.pt\/famosos\/big-brother\/no-dubai-liliana-aguiar-desabafa-vim-de-um-meio-muito-pobre-e-agora-que-cheguei-aqui-nao-quero-voltar-la\/20251102\/6907c6c1d34e3caad84ad0c8\" target=\"_blank\" rel=\"nofollow noopener\">Liliana Aguiar<\/a>, que celebrou o s\u00e9timo anivers\u00e1rio do filho mais novo, Santiago. E, no Instagram, a ex-concorrente do &#8220;<a href=\"https:\/\/tvi.iol.pt\/bigbrother\/\" target=\"_blank\" rel=\"nofollow noopener\">Big Brother<\/a>&#8221; fez quest\u00e3o de destacar a data especial.<\/p>\n<p>&#8220;Hoje o meu menino faz sete anos. E eu olho para ele e vejo muito mais do que a sua idade. Vejo alma, vejo prop\u00f3sito, vejo Deus&#8221;, come\u00e7ou por escrever na legenda de uma fotografia da crian\u00e7a.<\/p>\n<p>De seguida, a m\u00e3e babada enumerou algumas das qualidades do aniversariante: &#8220;O Santiago \u00e9 uma crian\u00e7a de personalidade forte, de cora\u00e7\u00e3o puro, de verdade rara. Ele n\u00e3o sabe mentir e n\u00e3o aceita a mentira. Vive na verdade, fala com o cora\u00e7\u00e3o, e isso para mim \u00e9 uma das maiores riquezas que um ser humano pode ter.&#8221;<\/p>\n<p>&#8220;\u00c9 t\u00e3o ligado a Deus que, quando sente que algo n\u00e3o foi correto, fica preocupado, com medo de que Deus possa ficar triste com ele. E isso diz tudo sobre a sua ess\u00eancia, sobre a luz que carrega, sobre o amor que j\u00e1 traz dentro de si&#8221;, assinalou, antes de acrescentar: &#8220;\u00c9 um po\u00e7o de energia, de bondade, de carinho, de amizade. \u00c9 daqueles amigos que s\u00e3o &#8216;do amigo&#8217;, leais, presentes, intensos no amor. Um menino que abra\u00e7a com a alma.&#8221;<\/p>\n<p>Liliana Aguiar ainda reconheceu: &#8220;Com apenas sete anos, j\u00e1 viveu muito. J\u00e1 mudou de pa\u00eds, j\u00e1 deixou para tr\u00e1s o que conhecia, j\u00e1 se adaptou, j\u00e1 cresceu por dentro. O Dubai f\u00ea-lo crescer mais depressa, mas tamb\u00e9m o tornou mais consciente, mais sens\u00edvel, mais forte.&#8221;<\/p>\n<p>&#8220;Ele \u00e9 pequeno no tamanho, mas gigante no cora\u00e7\u00e3o. E eu, como m\u00e3e, s\u00f3 posso agradecer a Deus por me confiar uma alma t\u00e3o especial.\u00a0Parab\u00e9ns, meu amor. Que nunca percas essa tua verdade, essa tua f\u00e9, essa tua luz. A mam\u00e3 tem um orgulho infinito em ti. E o pap\u00e1 tamb\u00e9m.\u00a0Para sempre juntos.\u00a0Amo-te muito, meu eterno beb\u00e9&#8221;, completou.<\/p>\n<p>Recorde-se que Santiago \u00e9 fruto do casamento de Liliana Aguiar com Francisco Nunes.<\/p>\n<p>Veja, agora, a imagem partilhada por Liliana Aguiar na galeria de fotografias que prepar\u00e1mos para si.<\/p>\n","protected":false},"excerpt":{"rendered":"Recentemente, foi dia de festa para Liliana Aguiar, que celebrou o s\u00e9timo anivers\u00e1rio do filho mais novo, Santiago.&hellip;\n","protected":false},"author":2,"featured_media":172696,"comment_status":"","ping_status":"","sticky":false,"template":"","format":"standard","meta":{"footnotes":""},"categories":[145],"tags":[996,48,211,210,5225,114,115,981,980,1870,12871,619,32,33,1014,1012,162],"class_list":{"0":"post-172695","1":"post","2":"type-post","3":"status-publish","4":"format-standard","5":"has-post-thumbnail","7":"category-celebridades","8":"tag-aniversario","9":"tag-big-brother","10":"tag-celebridades","11":"tag-celebrities","12":"tag-dubai","13":"tag-entertainment","14":"tag-entretenimento","15":"tag-familia","16":"tag-famosos","17":"tag-filhos","18":"tag-liliana-aguiar","19":"tag-nacional","20":"tag-portugal","21":"tag-pt","22":"tag-reality-show","23":"tag-selfie","24":"tag-tvi"},"share_on_mastodon":{"url":"https:\/\/pubeurope.com\/@pt\/115648140614114675","error":""},"_links":{"self":[{"href":"https:\/\/www.europesays.com\/pt\/wp-json\/wp\/v2\/posts\/172695","targetHints":{"allow":["GET"]}}],"collection":[{"href":"https:\/\/www.europesays.com\/pt\/wp-json\/wp\/v2\/posts"}],"about":[{"href":"https:\/\/www.europesays.com\/pt\/wp-json\/wp\/v2\/types\/post"}],"author":[{"embeddable":true,"href":"https:\/\/www.europesays.com\/pt\/wp-json\/wp\/v2\/users\/2"}],"replies":[{"embeddable":true,"href":"https:\/\/www.europesays.com\/pt\/wp-json\/wp\/v2\/comments?post=172695"}],"version-history":[{"count":0,"href":"https:\/\/www.europesays.com\/pt\/wp-json\/wp\/v2\/posts\/172695\/revisions"}],"wp:featuredmedia":[{"embeddable":true,"href":"https:\/\/www.europesays.com\/pt\/wp-json\/wp\/v2\/media\/172696"}],"wp:attachment":[{"href":"https:\/\/www.europesays.com\/pt\/wp-json\/wp\/v2\/media?parent=172695"}],"wp:term":[{"taxonomy":"category","embeddable":true,"href":"https:\/\/www.europesays.com\/pt\/wp-json\/wp\/v2\/categories?post=172695"},{"taxonomy":"post_tag","embeddable":true,"href":"https:\/\/www.europesays.com\/pt\/wp-json\/wp\/v2\/tags?post=172695"}],"curies":[{"name":"wp","href":"https:\/\/api.w.org\/{rel}","templated":true}]}}