{"id":172704,"date":"2025-12-02T05:01:13","date_gmt":"2025-12-02T05:01:13","guid":{"rendered":"https:\/\/www.europesays.com\/pt\/172704\/"},"modified":"2025-12-02T05:01:13","modified_gmt":"2025-12-02T05:01:13","slug":"figuras-ligadas-ao-fc-porto-marcam-presenca-na-gala-dragoes-de-ouro","status":"publish","type":"post","link":"https:\/\/www.europesays.com\/pt\/172704\/","title":{"rendered":"figuras ligadas ao FC Porto marcam presen\u00e7a na gala Drag\u00f5es de Ouro"},"content":{"rendered":"<p>A gala <a href=\"https:\/\/sapo.pt\/artigo\/sc-braga-goleia-arouca-por-4-0-e-sobe-ao-6-lugar-da-i-liga-692e1af99d77fc389ddd80e1tag\/dragoes-de-ouro\" target=\"_blank\" rel=\"noreferrer noopener nofollow\">Drag\u00f5es de Ouro<\/a> come\u00e7ou \u00e0s 21 horas desta segunda-feira e visa distinguir as principais figuras ligadas ao <a href=\"https:\/\/sapo.pt\/artigo\/sc-braga-goleia-arouca-por-4-0-e-sobe-ao-6-lugar-da-i-liga-692e1af99d77fc389ddd80e1tag\/fc-porto\" target=\"_blank\" rel=\"noreferrer noopener nofollow\">FC Porto<\/a>, no Drag\u00e3o Arena.<\/p>\n<p>Esta \u00e9 a 38.\u00aa gala e, pelo segundo ano consecutivo, ir\u00e1 contar com os votos dos s\u00f3cios portistas em tr\u00eas categorias: Futebolista, Modalidades de Pavilh\u00e3o e S\u00f3cio do Ano. O plantel dos azuis e brancos, bem como elementos da dire\u00e7\u00e3o est\u00e3o presentes no evento, bem como atletas das modalidades.<\/p>\n<p><a href=\"https:\/\/sapo.pt\/artigo\/sc-braga-goleia-arouca-por-4-0-e-sobe-ao-6-lugar-da-i-liga-692e1af99d77fc389ddd80e1\" target=\"_blank\" rel=\"noreferrer noopener nofollow\">&#8211; Tudo sobre o desporto nacional e internacional em<b id=\"s-b-embed-6920\" data-stringify-type=\"bold\">\u00a0<\/b><b>sportinforma.sapo.pt &#8211;<\/b><\/a><a href=\"https:\/\/sportinforma.sapo.pt\/futebol\/primeira-liga\/fotos\/gala-dragoes-de-ouro-2025-26\" target=\"_blank\" rel=\"noreferrer noopener nofollow\">Veja as melhores fotos do evento<\/a><\/p>\n","protected":false},"excerpt":{"rendered":"A gala Drag\u00f5es de Ouro come\u00e7ou \u00e0s 21 horas desta segunda-feira e visa distinguir as principais figuras ligadas&hellip;\n","protected":false},"author":2,"featured_media":172705,"comment_status":"","ping_status":"","sticky":false,"template":"","format":"standard","meta":{"footnotes":""},"categories":[87],"tags":[135,32,33,134],"class_list":{"0":"post-172704","1":"post","2":"type-post","3":"status-publish","4":"format-standard","5":"has-post-thumbnail","7":"category-desporto","8":"tag-desporto","9":"tag-portugal","10":"tag-pt","11":"tag-sports"},"share_on_mastodon":{"url":"https:\/\/pubeurope.com\/@pt\/115648219166334528","error":""},"_links":{"self":[{"href":"https:\/\/www.europesays.com\/pt\/wp-json\/wp\/v2\/posts\/172704","targetHints":{"allow":["GET"]}}],"collection":[{"href":"https:\/\/www.europesays.com\/pt\/wp-json\/wp\/v2\/posts"}],"about":[{"href":"https:\/\/www.europesays.com\/pt\/wp-json\/wp\/v2\/types\/post"}],"author":[{"embeddable":true,"href":"https:\/\/www.europesays.com\/pt\/wp-json\/wp\/v2\/users\/2"}],"replies":[{"embeddable":true,"href":"https:\/\/www.europesays.com\/pt\/wp-json\/wp\/v2\/comments?post=172704"}],"version-history":[{"count":0,"href":"https:\/\/www.europesays.com\/pt\/wp-json\/wp\/v2\/posts\/172704\/revisions"}],"wp:featuredmedia":[{"embeddable":true,"href":"https:\/\/www.europesays.com\/pt\/wp-json\/wp\/v2\/media\/172705"}],"wp:attachment":[{"href":"https:\/\/www.europesays.com\/pt\/wp-json\/wp\/v2\/media?parent=172704"}],"wp:term":[{"taxonomy":"category","embeddable":true,"href":"https:\/\/www.europesays.com\/pt\/wp-json\/wp\/v2\/categories?post=172704"},{"taxonomy":"post_tag","embeddable":true,"href":"https:\/\/www.europesays.com\/pt\/wp-json\/wp\/v2\/tags?post=172704"}],"curies":[{"name":"wp","href":"https:\/\/api.w.org\/{rel}","templated":true}]}}