{"id":172729,"date":"2025-12-02T05:52:10","date_gmt":"2025-12-02T05:52:10","guid":{"rendered":"https:\/\/www.europesays.com\/pt\/172729\/"},"modified":"2025-12-02T05:52:10","modified_gmt":"2025-12-02T05:52:10","slug":"ponte-brasileira-e-uma-das-mais-bonitas-do-mundo-e-exemplo-em-arquitetura-contemporanea","status":"publish","type":"post","link":"https:\/\/www.europesays.com\/pt\/172729\/","title":{"rendered":"Ponte brasileira \u00e9 uma das mais bonitas do mundo e exemplo em arquitetura contempor\u00e2nea"},"content":{"rendered":"<p>\n\t\t\t\t\t\tO projeto, assinado pelo arquiteto Alexandre Chan e pelo engenheiro M\u00e1rio Vila Verde, foi concebido para simular o movimento de uma pedra quicando sobre o lago \/ Toninho Tavares\/Ag\u00eancia Bras\u00edlia\n\t\t\t\t\t<\/p>\n<p>A Ponte Juscelino Kubitschek (Ponte JK), um dos<a href=\"https:\/\/www.diariodolitoral.com.br\/brasil\/maior-ponte-da-america-latina-tera-12-km-sobre-o-mar-e-vai-transformar\/201222\/\" rel=\"nofollow noopener\" target=\"_blank\"> maiores s\u00edmbolos arquitet\u00f4nicos<\/a> de Bras\u00edlia, acaba de ganhar destaque internacional. O monumento brasiliense foi eleito pela revista norte-americana Cond\u00e9 Nast Traveler como uma das &#8217;27 pontes<a href=\"http:\/\/https:\/\/www.diariodolitoral.com.br\/diario-mais\/rua-mais-bonita-do-mundo-fica-no-brasil-e-inspira-cidades-ao-redor-do\/206988\/\" rel=\"nofollow\"> mais bonitas do mundo<\/a>&#8216;.\u00a0figurando ao lado de obras-primas globais como a Golden Gate (EUA), a Ponte do Brooklyn (EUA) e a Tower Bridge (Inglaterra).<\/p>\n<p><strong>Fa\u00e7a parte do grupo do Di\u00e1rio no <\/strong><a href=\"https:\/\/bit.ly\/CanalDiarioDoLitoral\" target=\"_blank\" rel=\"nofollow noopener\">WhatsApp<\/a> <strong>e<\/strong> <a href=\"https:\/\/t.me\/diariodolitoral\" target=\"_blank\" rel=\"nofollow\">Telegram<\/a><strong>.<br \/>Mantenha-se bem informado.<\/strong><\/p>\n<p>\u00c9 a \u00fanica ponte brasileira presente na sele\u00e7\u00e3o, que prestigia estruturas marcantes tanto pela beleza quanto pela engenharia.\n\t\t\t<\/p>\n<p class=\"texto-continue listagem-detalhe\">Continua depois da publicidade<\/p>\n<p>Cart\u00e3o-postal que virou refer\u00eancia internacional<\/p>\n<p>Inaugurada em 15 de dezembro de 2002, a Ponte JK cruza o Lago Parano\u00e1 e liga regi\u00f5es como Lago Sul, Parano\u00e1 e S\u00e3o Sebasti\u00e3o ao centro de Bras\u00edlia. Para quem vive na capital, ela \u00e9 conhecida carinhosamente como a &#8216;3\u00aa ponte&#8217;, mas para o <a href=\"https:\/\/www.diariodolitoral.com.br\/tags\/mundo\/\" rel=\"nofollow noopener\" target=\"_blank\">mundo<\/a>, tornou-se um exemplo de arquitetura contempor\u00e2nea.<\/p>\n<p>A estrutura impressiona: s\u00e3o 1,2 mil metros de extens\u00e3o (dados oficiais mais usados) que se destacam pela forma assim\u00e9trica e pelos tr\u00eas arcos met\u00e1licos inclinados \u2014 marca registrada do monumento.\n\t\t\t<\/p>\n<p class=\"texto-continue listagem-detalhe\">Continua depois da publicidade<\/p>\n<p>Arquitetura inspirada<\/p>\n<p>O projeto, assinado pelo arquiteto Alexandre Chan e pelo engenheiro M\u00e1rio Vila Verde, foi concebido para simular o movimento de uma pedra quicando sobre o lago. Os arcos estaiados, combinados com cabos de a\u00e7o, criam uma est\u00e9tica din\u00e2mica e futurista que se tornou imagem cl\u00e1ssica de Bras\u00edlia.<\/p>\n<p>A constru\u00e7\u00e3o custou cerca de R$ 160 milh\u00f5es e rapidamente entrou para a lista de pontos tur\u00edsticos mais visitados do Distrito Federal.<\/p>\n<p>Entre gigantes mundiais da engenharia<\/p>\n<p>A lista da Cond\u00e9 Nast Traveler coloca a Ponte JK ao lado de algumas das estruturas mais admiradas do planeta. Entre elas:\n\t\t\t<\/p>\n<p class=\"texto-continue listagem-detalhe\">Continua depois da publicidade<\/p>\n<p>Constitution Bridge (Veneza, It\u00e1lia) \u2014 projetada por Santiago Calatrava e frequentemente citada como a n\u00ba 1 da lista.<\/p>\n<p>Golden Gate Bridge (Calif\u00f3rnia, EUA) \u2014 um dos monumentos mais fotografados do <a href=\"https:\/\/www.diariodolitoral.com.br\/tags\/mundo\/\" rel=\"nofollow noopener\" target=\"_blank\">mundo<\/a>.<\/p>\n<p>Storseisundet (Noruega) \u2014 ponte famosa por parecer terminar no ar.\n\t\t\t<\/p>\n<p class=\"texto-continue listagem-detalhe\">Continua depois da publicidade<\/p>\n<p>Dragon Bridge (Da Nang, Vietn\u00e3) \u2014 constru\u00edda no formato de um drag\u00e3o que cospe fogo.<\/p>\n<p>Sheikh Zayed Bridge (Abu Dhabi) \u2014 conhecida por seu design curvil\u00edneo futurista.<\/p>\n<p>Ponte Helix (Singapura) \u2014 com desenho inspirado em uma dupla h\u00e9lice de DNA.\n\t\t\t<\/p>\n<p class=\"texto-continue listagem-detalhe\">Continua depois da publicidade<\/p>\n<p>Ponte Vasco da Gama (Lisboa, Portugal) \u2014 uma das mais longas da Europa.<\/p>\n<p>Ponte de Rialto (Veneza, It\u00e1lia) \u2014 \u00edcone da arquitetura renascentista.<\/p>\n<p>O <a href=\"https:\/\/www.diariodolitoral.com.br\/tags\/brasil\/\" rel=\"nofollow noopener\" target=\"_blank\">Brasil<\/a> aparece novamente na lista ampliada, mas fora do ranking principal, com a Ponte Oct\u00e1vio Frias de Oliveira (Estaiada), em S\u00e3o Paulo, citada como destaque est\u00e9tico e de engenharia.\n\t\t\t<\/p>\n<p class=\"texto-continue listagem-detalhe\">Continua depois da publicidade<\/p>\n<p>S\u00edmbolo da capital e orgulho nacional<\/p>\n<p>Al\u00e9m da beleza arquitet\u00f4nica, a Ponte JK carrega o nome do ex-presidente Juscelino Kubitschek, fundador de Bras\u00edlia. O t\u00edtulo internacional refor\u00e7a a import\u00e2ncia do monumento como patrim\u00f4nio moderno brasileiro e projeta Bras\u00edlia no circuito global de turismo e arquitetura.<\/p>\n<p>Com mais de duas d\u00e9cadas desde sua inaugura\u00e7\u00e3o, a ponte segue sendo:<\/p>\n<p>cen\u00e1rio de ensaios fotogr\u00e1ficos,\n\t\t\t<\/p>\n<p class=\"texto-continue listagem-detalhe\">Continua depois da publicidade<\/p>\n<p>ponto de encontro de moradores,<\/p>\n<p>cart\u00e3o-postal tur\u00edstico,<\/p>\n<p>e agora, uma das pontes mais bonitas do <a href=\"https:\/\/www.diariodolitoral.com.br\/tags\/mundo\/\" rel=\"nofollow noopener\" target=\"_blank\">mundo<\/a>, segundo uma das revistas de viagem mais prestigiadas do planeta.\n\t\t\t<\/p>\n<p class=\"texto-continue listagem-detalhe\">Continua depois da publicidade<\/p>\n","protected":false},"excerpt":{"rendered":"O projeto, assinado pelo arquiteto Alexandre Chan e pelo engenheiro M\u00e1rio Vila Verde, foi concebido para simular o&hellip;\n","protected":false},"author":2,"featured_media":172730,"comment_status":"","ping_status":"","sticky":false,"template":"","format":"standard","meta":{"footnotes":""},"categories":[144],"tags":[207,205,206,203,201,202,726,204,114,115,62,32,33],"class_list":{"0":"post-172729","1":"post","2":"type-post","3":"status-publish","4":"format-standard","5":"has-post-thumbnail","7":"category-arte-e-design","8":"tag-arte","9":"tag-arte-e-design","10":"tag-artedesign","11":"tag-arts","12":"tag-arts-and-design","13":"tag-artsanddesign","14":"tag-brasil","15":"tag-design","16":"tag-entertainment","17":"tag-entretenimento","18":"tag-mundo","19":"tag-portugal","20":"tag-pt"},"share_on_mastodon":{"url":"https:\/\/pubeurope.com\/@pt\/115648419820591055","error":""},"_links":{"self":[{"href":"https:\/\/www.europesays.com\/pt\/wp-json\/wp\/v2\/posts\/172729","targetHints":{"allow":["GET"]}}],"collection":[{"href":"https:\/\/www.europesays.com\/pt\/wp-json\/wp\/v2\/posts"}],"about":[{"href":"https:\/\/www.europesays.com\/pt\/wp-json\/wp\/v2\/types\/post"}],"author":[{"embeddable":true,"href":"https:\/\/www.europesays.com\/pt\/wp-json\/wp\/v2\/users\/2"}],"replies":[{"embeddable":true,"href":"https:\/\/www.europesays.com\/pt\/wp-json\/wp\/v2\/comments?post=172729"}],"version-history":[{"count":0,"href":"https:\/\/www.europesays.com\/pt\/wp-json\/wp\/v2\/posts\/172729\/revisions"}],"wp:featuredmedia":[{"embeddable":true,"href":"https:\/\/www.europesays.com\/pt\/wp-json\/wp\/v2\/media\/172730"}],"wp:attachment":[{"href":"https:\/\/www.europesays.com\/pt\/wp-json\/wp\/v2\/media?parent=172729"}],"wp:term":[{"taxonomy":"category","embeddable":true,"href":"https:\/\/www.europesays.com\/pt\/wp-json\/wp\/v2\/categories?post=172729"},{"taxonomy":"post_tag","embeddable":true,"href":"https:\/\/www.europesays.com\/pt\/wp-json\/wp\/v2\/tags?post=172729"}],"curies":[{"name":"wp","href":"https:\/\/api.w.org\/{rel}","templated":true}]}}