{"id":172731,"date":"2025-12-02T05:54:10","date_gmt":"2025-12-02T05:54:10","guid":{"rendered":"https:\/\/www.europesays.com\/pt\/172731\/"},"modified":"2025-12-02T05:54:10","modified_gmt":"2025-12-02T05:54:10","slug":"terra-forte-babi-fica-petrificada-ao-ver-uma-terrivel-noticia","status":"publish","type":"post","link":"https:\/\/www.europesays.com\/pt\/172731\/","title":{"rendered":"Terra Forte: Babi fica petrificada ao ver uma terr\u00edvel not\u00edcia"},"content":{"rendered":"<p>Em \u00abTerra Forte\u00bb, Babi (Melissa Matos) continua a dizer a S\u00f3nia (Mafalda Tavares) e Gl\u00f3ria (Maria Jo\u00e3o Pinho) ser estranho que Vivi (Sofia Nicholson) tenha sa\u00eddo quando \u00e9 tradi\u00e7\u00e3o de fam\u00edlia tomarem um brunch juntos ao domingo. Todas estacam geladas ao verem na televis\u00e3o a not\u00edcia de um carro ter ca\u00eddo na ravina, n\u00e3o havendo sinal de sobreviventes.<\/p>\n","protected":false},"excerpt":{"rendered":"Em \u00abTerra Forte\u00bb, Babi (Melissa Matos) continua a dizer a S\u00f3nia (Mafalda Tavares) e Gl\u00f3ria (Maria Jo\u00e3o Pinho)&hellip;\n","protected":false},"author":2,"featured_media":172732,"comment_status":"","ping_status":"","sticky":false,"template":"","format":"standard","meta":{"footnotes":""},"categories":[142],"tags":[48,28350,166,801,114,115,28349,28348,28347,13,2931,161,32,28346,33,18614,151,162,28344,28345,28343,28342,28340,28341],"class_list":{"0":"post-172731","1":"post","2":"type-post","3":"status-publish","4":"format-standard","5":"has-post-thumbnail","7":"category-tv","8":"tag-big-brother","9":"tag-bigbrother-tvi","10":"tag-cristina-ferreira","11":"tag-dois-as-10","12":"tag-entertainment","13":"tag-entretenimento","14":"tag-festas-tvi","15":"tag-goucha","16":"tag-guia-tv","17":"tag-noticias","18":"tag-novela","19":"tag-novelas","20":"tag-portugal","21":"tag-programas-tvi","22":"tag-pt","23":"tag-terra-forte","24":"tag-tv","25":"tag-tvi","26":"tag-tvi-3-0","27":"tag-tvi-30","28":"tag-tvi-internacional","29":"tag-tvi-reality","30":"tag-tvificcao","31":"tag-tviplayer"},"share_on_mastodon":{"url":"https:\/\/pubeurope.com\/@pt\/115648427698065753","error":""},"_links":{"self":[{"href":"https:\/\/www.europesays.com\/pt\/wp-json\/wp\/v2\/posts\/172731","targetHints":{"allow":["GET"]}}],"collection":[{"href":"https:\/\/www.europesays.com\/pt\/wp-json\/wp\/v2\/posts"}],"about":[{"href":"https:\/\/www.europesays.com\/pt\/wp-json\/wp\/v2\/types\/post"}],"author":[{"embeddable":true,"href":"https:\/\/www.europesays.com\/pt\/wp-json\/wp\/v2\/users\/2"}],"replies":[{"embeddable":true,"href":"https:\/\/www.europesays.com\/pt\/wp-json\/wp\/v2\/comments?post=172731"}],"version-history":[{"count":0,"href":"https:\/\/www.europesays.com\/pt\/wp-json\/wp\/v2\/posts\/172731\/revisions"}],"wp:featuredmedia":[{"embeddable":true,"href":"https:\/\/www.europesays.com\/pt\/wp-json\/wp\/v2\/media\/172732"}],"wp:attachment":[{"href":"https:\/\/www.europesays.com\/pt\/wp-json\/wp\/v2\/media?parent=172731"}],"wp:term":[{"taxonomy":"category","embeddable":true,"href":"https:\/\/www.europesays.com\/pt\/wp-json\/wp\/v2\/categories?post=172731"},{"taxonomy":"post_tag","embeddable":true,"href":"https:\/\/www.europesays.com\/pt\/wp-json\/wp\/v2\/tags?post=172731"}],"curies":[{"name":"wp","href":"https:\/\/api.w.org\/{rel}","templated":true}]}}