{"id":172735,"date":"2025-12-02T05:57:09","date_gmt":"2025-12-02T05:57:09","guid":{"rendered":"https:\/\/www.europesays.com\/pt\/172735\/"},"modified":"2025-12-02T05:57:09","modified_gmt":"2025-12-02T05:57:09","slug":"rafa-silva-so-quer-o-benfica-avancado-descarta-outros-clubes-em-portugal-benfica","status":"publish","type":"post","link":"https:\/\/www.europesays.com\/pt\/172735\/","title":{"rendered":"Rafa Silva s\u00f3 quer o Benfica: avan\u00e7ado descarta outros clubes em Portugal &#8211; Benfica"},"content":{"rendered":"<p>                    03:10<\/p>\n<p>Internacional portugu\u00eas est\u00e1 descontente na Turquia e pretende mudar de ares<\/p>\n<p class=\"\">&#13;<br \/>\n        Amarrado ao Besiktas por um contrato v\u00e1lido por mais \u00e9poca e meia, Rafa Silva tem nesta altura uma certeza. O avan\u00e7ado, que est\u00e1 descontente no clube turco, pretende sair e s\u00f3 admite representar os encarnados, nomeadamente se regressar a Portugal. A SAD liderada por Rui Costa tamb\u00e9m v\u00ea com agrado o regresso do jogador, mas desde que esteja livre de contrato.&#13;\n    <\/p>\n<p>                        Para ler TODOS OS ARTIGOS RECORD PREMIUM durante o dia 02.12.2025 insira o seu n\u00famero de telem\u00f3vel e clique em OK<\/p>\n<p>Consulte a aplica\u00e7\u00e3o MBway no seu telem\u00f3vel e aceite a transa\u00e7\u00e3o&#13;\n                    <\/p>\n<p>                        Os seus dados n\u00e3o ser\u00e3o guardados pelo Record<\/p>\n<p>                    Por Nuno Martins<\/p>\n","protected":false},"excerpt":{"rendered":"03:10 Internacional portugu\u00eas est\u00e1 descontente na Turquia e pretende mudar de ares &#13; Amarrado ao Besiktas por um&hellip;\n","protected":false},"author":2,"featured_media":172736,"comment_status":"","ping_status":"","sticky":false,"template":"","format":"standard","meta":{"footnotes":""},"categories":[87],"tags":[135,32,33,134],"class_list":{"0":"post-172735","1":"post","2":"type-post","3":"status-publish","4":"format-standard","5":"has-post-thumbnail","7":"category-desporto","8":"tag-desporto","9":"tag-portugal","10":"tag-pt","11":"tag-sports"},"share_on_mastodon":{"url":"https:\/\/pubeurope.com\/@pt\/115648439528402040","error":""},"_links":{"self":[{"href":"https:\/\/www.europesays.com\/pt\/wp-json\/wp\/v2\/posts\/172735","targetHints":{"allow":["GET"]}}],"collection":[{"href":"https:\/\/www.europesays.com\/pt\/wp-json\/wp\/v2\/posts"}],"about":[{"href":"https:\/\/www.europesays.com\/pt\/wp-json\/wp\/v2\/types\/post"}],"author":[{"embeddable":true,"href":"https:\/\/www.europesays.com\/pt\/wp-json\/wp\/v2\/users\/2"}],"replies":[{"embeddable":true,"href":"https:\/\/www.europesays.com\/pt\/wp-json\/wp\/v2\/comments?post=172735"}],"version-history":[{"count":0,"href":"https:\/\/www.europesays.com\/pt\/wp-json\/wp\/v2\/posts\/172735\/revisions"}],"wp:featuredmedia":[{"embeddable":true,"href":"https:\/\/www.europesays.com\/pt\/wp-json\/wp\/v2\/media\/172736"}],"wp:attachment":[{"href":"https:\/\/www.europesays.com\/pt\/wp-json\/wp\/v2\/media?parent=172735"}],"wp:term":[{"taxonomy":"category","embeddable":true,"href":"https:\/\/www.europesays.com\/pt\/wp-json\/wp\/v2\/categories?post=172735"},{"taxonomy":"post_tag","embeddable":true,"href":"https:\/\/www.europesays.com\/pt\/wp-json\/wp\/v2\/tags?post=172735"}],"curies":[{"name":"wp","href":"https:\/\/api.w.org\/{rel}","templated":true}]}}