{"id":172743,"date":"2025-12-02T06:10:13","date_gmt":"2025-12-02T06:10:13","guid":{"rendered":"https:\/\/www.europesays.com\/pt\/172743\/"},"modified":"2025-12-02T06:10:13","modified_gmt":"2025-12-02T06:10:13","slug":"marcio-garcia-e-condenado-a-responder-por-divida-milionaria-entenda","status":"publish","type":"post","link":"https:\/\/www.europesays.com\/pt\/172743\/","title":{"rendered":"M\u00e1rcio Garcia \u00e9 condenado a responder por d\u00edvida milion\u00e1ria; entenda"},"content":{"rendered":"<p>M\u00e1rcio Garcia foi condenado pelo Tribunal de Justi\u00e7a do Rio a responder por uma d\u00edvida que ultrapassa R$ 10 milh\u00f5es. O montante \u00e9 referente ao ressarcimento de valores pagos por um fiador.<\/p>\n<p>De acordo com o blog de Ancelmo Gois no jornal O Globo, autoridades reconheceram que, embora o famoso tenha se retirado do contrato social da academia MG Sete Cultura F\u00edsica, da qual foi s\u00f3cio no in\u00edcio dos anos 2000, ele teria permanecido atuando, na pr\u00e1tica, como s\u00f3cio da empresa.<\/p>\n<p>+\u00a0<a href=\"https:\/\/natelinha.uol.com.br\/famosos\/2025\/12\/01\/juliana-paes-abre-o-jogo-sobre-convite-da-globo-nenhum-tipo-234664.php\" rel=\"nofollow noopener\" target=\"_blank\">Juliana Paes abre o jogo sobre convite da Globo: &#8220;Nenhum tipo&#8221;<\/a><\/p>\n<p>continua depois da publicidade<\/p>\n<p>+\u00a0<a href=\"https:\/\/natelinha.uol.com.br\/a-fazenda\/2025\/12\/01\/a-fazenda-saory-se-abala-com-fofoca-e-coloca-dudu-na-friendzone-234663.php\" rel=\"nofollow noopener\" target=\"_blank\">A Fazenda: Saory se abala com fofoca e coloca Dudu na &#8216;friendzone&#8217;<\/a><\/p>\n<p>O caso tem liga\u00e7\u00e3o com o empres\u00e1rio J\u00falio Pignatari J\u00fanior, amigo de <a href=\"https:\/\/natelinha.uol.com.br\/famosos\/tudo-sobre\/marcio-garcia\" rel=\"nofollow noopener\" target=\"_blank\">M\u00e1rcio Garcia<\/a>, se fez o papel de fiador do contrato de aluguel da academia. Ele desembolsou cerca de R$ 1,5 milh\u00e3o para quitar os d\u00e9bitos do empreendimento quando a MG Sete deixou de pagar as despesas.<\/p>\n<p>M\u00e1rcio Garcia vai responder por cobran\u00e7a<\/p>\n<p><img decoding=\"async\" loading=\"lazy\" class=\"horizontal\" src=\"https:\/\/www.europesays.com\/pt\/wp-content\/uploads\/2025\/12\/h2-marcio-garcia-condenado-divida-milionaria_6044.jpeg\" alt=\"M\u00e1rcio Garcia de regata cinza, levantando peso na academia\" width=\"1240\" height=\"719\"\/><\/p>\n<p>De acordo com a Justi\u00e7a do Rio, M\u00e1rcio Garcia formalizou sua sa\u00edda da sociedade em 2001, mas seguiu envolvido na condu\u00e7\u00e3o da academia. Por conta disso, os desembargadores o classificaram como &#8220;s\u00f3cio de fato&#8221; e entenderam que houve uma tentativa de simular a retirada da empresa para evitar responsabilidades financeiras.<\/p>\n<p>continua depois da publicidade<\/p>\n<p>O TJ determinou que o ator comece a responder diretamente pela cobran\u00e7a, que hoje tem um valor atualizado de mais de R$ 10 milh\u00f5es.<\/p>\n<p>O tribunal destacou que, quando existem ind\u00edcios de que a estrutura de uma empresa foi usada para esconder responsabilidades ou prejudicar credores, os s\u00f3cios podem ser alcan\u00e7ados pela cobran\u00e7a, ainda que n\u00e3o apare\u00e7am formalmente nos registros.<\/p>\n","protected":false},"excerpt":{"rendered":"M\u00e1rcio Garcia foi condenado pelo Tribunal de Justi\u00e7a do Rio a responder por uma d\u00edvida que ultrapassa R$&hellip;\n","protected":false},"author":2,"featured_media":172744,"comment_status":"","ping_status":"","sticky":false,"template":"","format":"standard","meta":{"footnotes":""},"categories":[145],"tags":[211,210,114,115,32799,32,33],"class_list":{"0":"post-172743","1":"post","2":"type-post","3":"status-publish","4":"format-standard","5":"has-post-thumbnail","7":"category-celebridades","8":"tag-celebridades","9":"tag-celebrities","10":"tag-entertainment","11":"tag-entretenimento","12":"tag-marcio-garcia","13":"tag-portugal","14":"tag-pt"},"share_on_mastodon":{"url":"https:\/\/pubeurope.com\/@pt\/115648490790137397","error":""},"_links":{"self":[{"href":"https:\/\/www.europesays.com\/pt\/wp-json\/wp\/v2\/posts\/172743","targetHints":{"allow":["GET"]}}],"collection":[{"href":"https:\/\/www.europesays.com\/pt\/wp-json\/wp\/v2\/posts"}],"about":[{"href":"https:\/\/www.europesays.com\/pt\/wp-json\/wp\/v2\/types\/post"}],"author":[{"embeddable":true,"href":"https:\/\/www.europesays.com\/pt\/wp-json\/wp\/v2\/users\/2"}],"replies":[{"embeddable":true,"href":"https:\/\/www.europesays.com\/pt\/wp-json\/wp\/v2\/comments?post=172743"}],"version-history":[{"count":0,"href":"https:\/\/www.europesays.com\/pt\/wp-json\/wp\/v2\/posts\/172743\/revisions"}],"wp:featuredmedia":[{"embeddable":true,"href":"https:\/\/www.europesays.com\/pt\/wp-json\/wp\/v2\/media\/172744"}],"wp:attachment":[{"href":"https:\/\/www.europesays.com\/pt\/wp-json\/wp\/v2\/media?parent=172743"}],"wp:term":[{"taxonomy":"category","embeddable":true,"href":"https:\/\/www.europesays.com\/pt\/wp-json\/wp\/v2\/categories?post=172743"},{"taxonomy":"post_tag","embeddable":true,"href":"https:\/\/www.europesays.com\/pt\/wp-json\/wp\/v2\/tags?post=172743"}],"curies":[{"name":"wp","href":"https:\/\/api.w.org\/{rel}","templated":true}]}}