{"id":172747,"date":"2025-12-02T06:16:14","date_gmt":"2025-12-02T06:16:14","guid":{"rendered":"https:\/\/www.europesays.com\/pt\/172747\/"},"modified":"2025-12-02T06:16:14","modified_gmt":"2025-12-02T06:16:14","slug":"trailer-do-filme-pode-ser-cancelado-inesperadamente","status":"publish","type":"post","link":"https:\/\/www.europesays.com\/pt\/172747\/","title":{"rendered":"Trailer do filme pode ser cancelado inesperadamente"},"content":{"rendered":"<p><a href=\"https:\/\/legadodamarvel.com.br\/tag\/homem-aranha-um-novo-dia\" rel=\"nofollow noopener\" target=\"_blank\">Homem-Aranha 4: Um Novo Dia<\/a> est\u00e1 marcado para chegar aos cinemas em julho de 2026, e o seu trailer estava sendo esperado para este m\u00eas de dezembro.<\/p>\n<p>Sim, teremos o trailer de <a href=\"https:\/\/legadodamarvel.com.br\/filme\/vingadores-doomsday\" rel=\"nofollow noopener\" target=\"_blank\">Vingadores: Doomsday<\/a> dentro das duas pr\u00f3ximas semanas. E, al\u00e9m disso, tamb\u00e9m estava sendo prometido o trailer do filme estrelado por <a href=\"https:\/\/legadodamarvel.com.br\/tag\/tom-holland\" rel=\"nofollow noopener\" target=\"_blank\">Tom Holland<\/a>.<\/p>\n<p>O trailer de Homem-Aranha 4 vai ter lan\u00e7amento cancelado?<\/p>\n<p>No entanto, acontece que, dentro das \u00faltimas semanas, a suposta pr\u00e9via do filme parou de ganhar novidades, ao contr\u00e1rio de Vingadores 5. Por exemplo, o filme da equipe tem seu trailer confirmado para a estreia de Avatar: Fogo e Cinzas.<\/p>\n<p>O seu lan\u00e7amento fazia todo sentido, afinal, o filme do her\u00f3i ser\u00e1 lan\u00e7ado antes de Vingadores: Doomsday. Ou seja, seria l\u00f3gico Homem-Aranha 4 tamb\u00e9m ter o seu trailer esse m\u00eas. Era o que fontes como o <a href=\"https:\/\/x.com\/Cryptic4KQual\" rel=\"nofollow\">Cryptic<\/a> apostavam.<\/p>\n<p>Por\u00e9m, mesmo marcado para estrear 5 meses antes de Vingadores 5, parece que o trailer do novo filme do her\u00f3i pode acabar vindo bem depois, apenas em 2026.<\/p>\n<p>Qual seria a nova data?<\/p>\n<p>Caso o trailer de Homem-Aranha 4 realmente n\u00e3o seja lan\u00e7ado neste m\u00eas, o palpite mais l\u00f3gico \u00e9 que a pr\u00e9via s\u00f3 venha no pr\u00f3ximo m\u00eas de fevereiro.<\/p>\n<p>Foi no m\u00eas de fevereiro, durante o Super Bowl, que <a href=\"https:\/\/legadodamarvel.com.br\/filme\/deadpool-e-wolverine\" rel=\"nofollow noopener\" target=\"_blank\">Deadpool &amp; Wolverine<\/a> e <a href=\"https:\/\/legadodamarvel.com.br\/filme\/quarteto-fantastico-primeiros-passos\/\" rel=\"nofollow noopener\" target=\"_blank\">Quarteto Fant\u00e1stico<\/a> tiveram os seus trailers lan\u00e7ados. Ambos os filmes estrearam no m\u00eas de julho, mesma data marcada para Homem-Aranha 4. Ou seja, a Marvel e a Sony podem novamente repetir a mesma estrat\u00e9gia.<\/p>\n<p><strong>LEIA TAMB\u00c9M:<\/strong><\/p>\n<p>O que acharam? Deixe sua opini\u00e3o nos coment\u00e1rios e, por fim, continue acompanhando o\u00a0<strong>Legado da Marvel\u00a0<\/strong>para n\u00e3o perder nenhuma novidade!<\/p>\n","protected":false},"excerpt":{"rendered":"Homem-Aranha 4: Um Novo Dia est\u00e1 marcado para chegar aos cinemas em julho de 2026, e o seu&hellip;\n","protected":false},"author":2,"featured_media":172748,"comment_status":"","ping_status":"","sticky":false,"template":"","format":"standard","meta":{"footnotes":""},"categories":[140],"tags":[114,115,147,148,10305,146,32,33],"class_list":{"0":"post-172747","1":"post","2":"type-post","3":"status-publish","4":"format-standard","5":"has-post-thumbnail","7":"category-filmes","8":"tag-entertainment","9":"tag-entretenimento","10":"tag-film","11":"tag-filmes","12":"tag-homem-aranha-um-novo-dia","13":"tag-movies","14":"tag-portugal","15":"tag-pt"},"share_on_mastodon":{"url":"https:\/\/pubeurope.com\/@pt\/115648514181593576","error":""},"_links":{"self":[{"href":"https:\/\/www.europesays.com\/pt\/wp-json\/wp\/v2\/posts\/172747","targetHints":{"allow":["GET"]}}],"collection":[{"href":"https:\/\/www.europesays.com\/pt\/wp-json\/wp\/v2\/posts"}],"about":[{"href":"https:\/\/www.europesays.com\/pt\/wp-json\/wp\/v2\/types\/post"}],"author":[{"embeddable":true,"href":"https:\/\/www.europesays.com\/pt\/wp-json\/wp\/v2\/users\/2"}],"replies":[{"embeddable":true,"href":"https:\/\/www.europesays.com\/pt\/wp-json\/wp\/v2\/comments?post=172747"}],"version-history":[{"count":0,"href":"https:\/\/www.europesays.com\/pt\/wp-json\/wp\/v2\/posts\/172747\/revisions"}],"wp:featuredmedia":[{"embeddable":true,"href":"https:\/\/www.europesays.com\/pt\/wp-json\/wp\/v2\/media\/172748"}],"wp:attachment":[{"href":"https:\/\/www.europesays.com\/pt\/wp-json\/wp\/v2\/media?parent=172747"}],"wp:term":[{"taxonomy":"category","embeddable":true,"href":"https:\/\/www.europesays.com\/pt\/wp-json\/wp\/v2\/categories?post=172747"},{"taxonomy":"post_tag","embeddable":true,"href":"https:\/\/www.europesays.com\/pt\/wp-json\/wp\/v2\/tags?post=172747"}],"curies":[{"name":"wp","href":"https:\/\/api.w.org\/{rel}","templated":true}]}}