{"id":172766,"date":"2025-12-02T06:53:11","date_gmt":"2025-12-02T06:53:11","guid":{"rendered":"https:\/\/www.europesays.com\/pt\/172766\/"},"modified":"2025-12-02T06:53:11","modified_gmt":"2025-12-02T06:53:11","slug":"ha-um-novo-paraiso-fiscal-para-pensionistas-na-europa-imposto-fixo-de-7-dispara-pedidos-de-residencia-e-muitos-fazem-as-malas","status":"publish","type":"post","link":"https:\/\/www.europesays.com\/pt\/172766\/","title":{"rendered":"H\u00e1 um novo &#8216;para\u00edso&#8217; fiscal para pensionistas na Europa: imposto fixo de 7% dispara pedidos de resid\u00eancia e muitos &#8216;fazem as malas&#8217;"},"content":{"rendered":"<p><strong>A Gr\u00e9cia est\u00e1 a captar cada vez mais pessoas que mudam a resid\u00eancia fiscal para o pa\u00eds, empurradas por regimes que prometem impostos mais baixos, com destaque para uma taxa fixa de 7% para pensionistas estrangeiros e incentivos de longo prazo para investidores e trabalhadores.\u00a0<\/strong><\/p>\n<p>A tend\u00eancia surge num contexto europeu em que os pagamentos digitais ganham peso e o uso de dinheiro f\u00edsico e servi\u00e7os \u201ctradicionais\u201d perde terreno, levando v\u00e1rios pa\u00edses a reposicionarem pol\u00edticas e servi\u00e7os para atrair contribuintes e investimento.\u00a0<\/p>\n<p>Segundo o jornal grego Kathimerini, citado pelo jornal espanhol AS, a autoridade tribut\u00e1ria grega (AADE) j\u00e1 registou mais de 8.000 candidaturas a estes regimes, com 750 pedidos no primeiro semestre de 2025, n\u00fameros vistos como sinal de que a \u201cf\u00f3rmula\u201d est\u00e1 a resultar.\u00a0<\/p>\n<p><strong>7% para pensionistas estrangeiros: como funciona o regime<\/strong><\/p>\n<p>O incentivo mais falado \u00e9 o destinado a pensionistas com rendimentos obtidos no estrangeiro: quem transfere a resid\u00eancia fiscal para a Gr\u00e9cia pode ficar abrangido por uma taxa de 7% aplicada ao total do rendimento obtido fora do pa\u00eds, incluindo pens\u00f5es.\u00a0<\/p>\n<p>De acordo com a informa\u00e7\u00e3o divulgada pela AADE, a ades\u00e3o implica cumprir crit\u00e9rios de resid\u00eancia anterior (n\u00e3o ter sido residente fiscal na Gr\u00e9cia em cinco dos seis anos anteriores) e vir de um pa\u00eds com acordo de coopera\u00e7\u00e3o administrativa em mat\u00e9ria fiscal.\u00a0<\/p>\n<p>O regime \u00e9 v\u00e1lido por at\u00e9 15 anos e n\u00e3o elimina a necessidade de ter em conta regras internacionais, como as conven\u00e7\u00f5es para evitar dupla tributa\u00e7\u00e3o, devidamente aplicadas caso a caso.\u00a0<\/p>\n<p><strong>Investidores: 100.000 euros por ano e benef\u00edcios para a fam\u00edlia<\/strong><\/p>\n<p>Para atrair grandes fortunas, existe tamb\u00e9m um regime alternativo para quem muda a resid\u00eancia fiscal e realiza um investimento m\u00ednimo: a AADE descreve uma tributa\u00e7\u00e3o \u201cn\u00e3o pelo rendimento\u201d, mas por um valor fixo anual de 100.000 euros sobre rendimentos obtidos no estrangeiro, durante 15 anos.\u00a0<\/p>\n<p>A condi\u00e7\u00e3o central passa por n\u00e3o ter sido residente fiscal na Gr\u00e9cia em sete dos oito anos anteriores e por demonstrar um investimento m\u00ednimo de 500.000 euros, com regras e prazos pr\u00f3prios para comprovar a concretiza\u00e7\u00e3o.\u00a0<\/p>\n<p>H\u00e1 ainda um \u201cextra\u201d familiar: o regime pode ser estendido a familiares, com uma taxa adicional de 20.000 euros por cada familiar, segundo as condi\u00e7\u00f5es previstas.\u00a0<\/p>\n<p><strong>Trabalhadores e novos residentes: metade do imposto por sete anos (e pedidos online)<\/strong><\/p>\n<p>Al\u00e9m de pensionistas e investidores, a Gr\u00e9cia criou um enquadramento para quem se muda para trabalhar ou abrir atividade: o regime prev\u00ea, durante sete anos, uma isen\u00e7\u00e3o de imposto sobre 50% do rendimento de trabalho e\/ou atividade empresarial obtido na Gr\u00e9cia, desde que os requisitos sejam cumpridos.\u00a0<\/p>\n<p>De acordo com o <a href=\"https:\/\/as.com\/\" target=\"_blank\" rel=\"noreferrer noopener nofollow\">AS<\/a>, e a par dos benef\u00edcios, Atenas tem tentado reduzir burocracia. Desde 3 de outubro de 2025, a AADE passou a permitir a submiss\u00e3o online de candidaturas a regimes especiais atrav\u00e9s do portal digital, com o objetivo de tornar o processo mais simples e r\u00e1pido.\u00a0<\/p>\n<p>No pano de fundo est\u00e1 tamb\u00e9m a tentativa de inverter perdas dos anos da crise: a Gr\u00e9cia registou uma forte vaga de emigra\u00e7\u00e3o na d\u00e9cada passada, e respons\u00e1veis pol\u00edticos t\u00eam falado na necessidade de recuperar talento e popula\u00e7\u00e3o ativa, num desafio que vai al\u00e9m dos impostos<\/p>\n<p><strong>Leia tamb\u00e9m: <a href=\"https:\/\/postal.pt\/nacional\/chuva-muito-intensa-e-ventos-fortes-conheca-os-distritos-sob-alerta-nos-proximos-dias\/#goog_rewarded\" rel=\"nofollow noopener\" target=\"_blank\">Chuva muito intensa e ventos fortes: conhe\u00e7a os distritos sob \u2018alerta\u2019 nos pr\u00f3ximos dias<\/a><\/strong><\/p>\n","protected":false},"excerpt":{"rendered":"A Gr\u00e9cia est\u00e1 a captar cada vez mais pessoas que mudam a resid\u00eancia fiscal para o pa\u00eds, empurradas&hellip;\n","protected":false},"author":2,"featured_media":172767,"comment_status":"","ping_status":"","sticky":false,"template":"","format":"standard","meta":{"footnotes":""},"categories":[50],"tags":[27,28,15,16,14,25,26,21,22,62,12,13,19,20,23,24,17,18,29,30,31,63,64,65],"class_list":{"0":"post-172766","1":"post","2":"type-post","3":"status-publish","4":"format-standard","5":"has-post-thumbnail","7":"category-mundo","8":"tag-breaking-news","9":"tag-breakingnews","10":"tag-featured-news","11":"tag-featurednews","12":"tag-headlines","13":"tag-latest-news","14":"tag-latestnews","15":"tag-main-news","16":"tag-mainnews","17":"tag-mundo","18":"tag-news","19":"tag-noticias","20":"tag-noticias-principais","21":"tag-noticiasprincipais","22":"tag-principais-noticias","23":"tag-principaisnoticias","24":"tag-top-stories","25":"tag-topstories","26":"tag-ultimas","27":"tag-ultimas-noticias","28":"tag-ultimasnoticias","29":"tag-world","30":"tag-world-news","31":"tag-worldnews"},"share_on_mastodon":{"url":"https:\/\/pubeurope.com\/@pt\/115648659680634413","error":""},"_links":{"self":[{"href":"https:\/\/www.europesays.com\/pt\/wp-json\/wp\/v2\/posts\/172766","targetHints":{"allow":["GET"]}}],"collection":[{"href":"https:\/\/www.europesays.com\/pt\/wp-json\/wp\/v2\/posts"}],"about":[{"href":"https:\/\/www.europesays.com\/pt\/wp-json\/wp\/v2\/types\/post"}],"author":[{"embeddable":true,"href":"https:\/\/www.europesays.com\/pt\/wp-json\/wp\/v2\/users\/2"}],"replies":[{"embeddable":true,"href":"https:\/\/www.europesays.com\/pt\/wp-json\/wp\/v2\/comments?post=172766"}],"version-history":[{"count":0,"href":"https:\/\/www.europesays.com\/pt\/wp-json\/wp\/v2\/posts\/172766\/revisions"}],"wp:featuredmedia":[{"embeddable":true,"href":"https:\/\/www.europesays.com\/pt\/wp-json\/wp\/v2\/media\/172767"}],"wp:attachment":[{"href":"https:\/\/www.europesays.com\/pt\/wp-json\/wp\/v2\/media?parent=172766"}],"wp:term":[{"taxonomy":"category","embeddable":true,"href":"https:\/\/www.europesays.com\/pt\/wp-json\/wp\/v2\/categories?post=172766"},{"taxonomy":"post_tag","embeddable":true,"href":"https:\/\/www.europesays.com\/pt\/wp-json\/wp\/v2\/tags?post=172766"}],"curies":[{"name":"wp","href":"https:\/\/api.w.org\/{rel}","templated":true}]}}