{"id":172770,"date":"2025-12-02T07:02:09","date_gmt":"2025-12-02T07:02:09","guid":{"rendered":"https:\/\/www.europesays.com\/pt\/172770\/"},"modified":"2025-12-02T07:02:09","modified_gmt":"2025-12-02T07:02:09","slug":"rui-borges-faz-crescer-eduardo-quaresma-a-aposta-no-central-e-o-novo-papel-no-sporting-sporting","status":"publish","type":"post","link":"https:\/\/www.europesays.com\/pt\/172770\/","title":{"rendered":"Rui Borges faz crescer Eduardo Quaresma: a aposta no central e o novo papel no Sporting &#8211; Sporting"},"content":{"rendered":"<p>                    03:45<\/p>\n<p>Treinador tenta manter ligado e aponta-lhe maior responsabilidade de le\u00e3o ao peito<\/p>\n<p class=\"\">&#13;<br \/>\n        \u00c9 caso para dizer &#8216;se o Edu mostra os dentes, eles at\u00e9 caem&#8217;. Eduardo Quaresma parece que foi feito para marcar em Alvalade e, na mais recente vit\u00f3ria (4-0) leonina sobre o Estrela da Amadora, o camisola 72 deixou a sua marca, ao abrir o marcador e festejando a preceito, <a href=\"https:\/\/www.record.pt\/multimedia\/videos\/sporting\/detalhe\/eduardo-quaresma-vira-goleador-festeja-a-paulinho\" target=\"_self\" rel=\"tag nofollow noopener\">lembrando o c\u00e9lebre gesto de Paulinho<\/a>, antigo colega e avan\u00e7ado do Sporting. Ora, e se na altura, o agora atacante do Toluca era uma das vozes da experi\u00eancia no balne\u00e1rio verde e branco, agora \u00e9 a vez de Edu assumir a responsabilidade.&#13;\n    <\/p>\n<p>                        Para ler TODOS OS ARTIGOS RECORD PREMIUM durante o dia 02.12.2025 insira o seu n\u00famero de telem\u00f3vel e clique em OK<\/p>\n<p>Consulte a aplica\u00e7\u00e3o MBway no seu telem\u00f3vel e aceite a transa\u00e7\u00e3o&#13;\n                    <\/p>\n<p>                        Os seus dados n\u00e3o ser\u00e3o guardados pelo Record<\/p>\n<p>                    Por Filipe Balreira<\/p>\n","protected":false},"excerpt":{"rendered":"03:45 Treinador tenta manter ligado e aponta-lhe maior responsabilidade de le\u00e3o ao peito &#13; \u00c9 caso para dizer&hellip;\n","protected":false},"author":2,"featured_media":172771,"comment_status":"","ping_status":"","sticky":false,"template":"","format":"standard","meta":{"footnotes":""},"categories":[87],"tags":[135,32,33,134],"class_list":{"0":"post-172770","1":"post","2":"type-post","3":"status-publish","4":"format-standard","5":"has-post-thumbnail","7":"category-desporto","8":"tag-desporto","9":"tag-portugal","10":"tag-pt","11":"tag-sports"},"share_on_mastodon":{"url":"https:\/\/pubeurope.com\/@pt\/115648695053022305","error":""},"_links":{"self":[{"href":"https:\/\/www.europesays.com\/pt\/wp-json\/wp\/v2\/posts\/172770","targetHints":{"allow":["GET"]}}],"collection":[{"href":"https:\/\/www.europesays.com\/pt\/wp-json\/wp\/v2\/posts"}],"about":[{"href":"https:\/\/www.europesays.com\/pt\/wp-json\/wp\/v2\/types\/post"}],"author":[{"embeddable":true,"href":"https:\/\/www.europesays.com\/pt\/wp-json\/wp\/v2\/users\/2"}],"replies":[{"embeddable":true,"href":"https:\/\/www.europesays.com\/pt\/wp-json\/wp\/v2\/comments?post=172770"}],"version-history":[{"count":0,"href":"https:\/\/www.europesays.com\/pt\/wp-json\/wp\/v2\/posts\/172770\/revisions"}],"wp:featuredmedia":[{"embeddable":true,"href":"https:\/\/www.europesays.com\/pt\/wp-json\/wp\/v2\/media\/172771"}],"wp:attachment":[{"href":"https:\/\/www.europesays.com\/pt\/wp-json\/wp\/v2\/media?parent=172770"}],"wp:term":[{"taxonomy":"category","embeddable":true,"href":"https:\/\/www.europesays.com\/pt\/wp-json\/wp\/v2\/categories?post=172770"},{"taxonomy":"post_tag","embeddable":true,"href":"https:\/\/www.europesays.com\/pt\/wp-json\/wp\/v2\/tags?post=172770"}],"curies":[{"name":"wp","href":"https:\/\/api.w.org\/{rel}","templated":true}]}}