{"id":172777,"date":"2025-12-02T07:16:17","date_gmt":"2025-12-02T07:16:17","guid":{"rendered":"https:\/\/www.europesays.com\/pt\/172777\/"},"modified":"2025-12-02T07:16:17","modified_gmt":"2025-12-02T07:16:17","slug":"pontapes-estalos-e-nao-so-cenas-de-terror-no-centro-de-treinos-do-nice","status":"publish","type":"post","link":"https:\/\/www.europesays.com\/pt\/172777\/","title":{"rendered":"Pontap\u00e9s, estalos e n\u00e3o s\u00f3. Cenas de terror no centro de treinos do Nice"},"content":{"rendered":"<p>Vivem-se dias de muita tens\u00e3o no Nice, de Fran\u00e7a. Depois de mais um resultado negativo este domingo diante do Lorient, com uma derrota por 3-1 fora de casa, a situa\u00e7\u00e3o escalou bastante na chegada do conjunto da Ligue 1 aos centro de treinos.<\/p>\n<p>Segundo relata o <a href=\"https:\/\/www.footmercato.net\/a4421112928469161470-coups-crachats-insultes-les-coulisses-de-la-confrontation-violente-entre-les-joueurs-de-nice-et-leurs-supporters\" target=\"_blank\" rel=\"noopener nofollow\">FootMercato<\/a>, os jogadores foram informados de que teriam cerca de duas centenas de adeptos \u00e0 sua espera na academia, depois da sua chegada ao aeroporto da cidade de Nice.<\/p>\n<p>Ora, imagine-se o espanto quando o autocarro se aproxima do local do centro de treinos do clube franc\u00eas e mais de quatro centenas de adeptos indignados pelos resultados menos bons est\u00e3o preparados para obter esclarecimentos.<\/p>\n<p>Esta mesma fonte ainda refere que a seguran\u00e7a do local acabou por ser benevolente com estes adeptos, deixando que um deles entrasse no autocarro sem supervis\u00e3o, algo que levou a insultos e amea\u00e7as desde o momento em que colocou os p\u00e9s no autocarro, ordenando que todos sa\u00edssem para a rua.<\/p>\n<p>O que aconteceu a seguir faz lembrar os epis\u00f3dios de Alcochete, quando os jogadores do Sporting foram agredidos por um grupo de adeptos encapuzados que entraram na Academia Cristiano Ronaldo.\u00a0<\/p>\n<p>No sul de Fran\u00e7a, passou-se de insultos e pedidos de demiss\u00e3o para o treinador Franck Haise a agres\u00f5es f\u00edsicas, com Terem Moffi e J\u00e9r\u00e9mie Boga a serem os principais alvos da f\u00faria dos adeptos, sendo mesmo agredidos com pontap\u00e9s, estalos, socos e at\u00e9 acabando por ser cuspidos.<\/p>\n<p>O primeiro acabou por conseguir fugir, embora com algumas dificuldades, mas n\u00e3o foi o \u00fanico a sofrer no corpo com esta cena de terror. O diretor desportivo Florian Maurice tamb\u00e9m foi alvo de agress\u00f5es antes de conseguir ser escoltado pela seguran\u00e7a presente para fora das instala\u00e7\u00f5es.<\/p>\n<p>Nas redes sociais, os adeptos do Nice pronunciaram-se sobre o sucedido e apontaram dedos&#8230; aos dois avan\u00e7ados, pedindo que nunca mais jogassem pelo seu clube enquanto fossem jogadores profissionais.<\/p>\n<p>F\u00faria foi sentida pelos jogadores, mas alvo seria o presidente<\/p>\n<p>Os protestos come\u00e7aram ainda no est\u00e1dio do Lorient, depois de uma derrota que deixou o Nice na d\u00e9cima posi\u00e7\u00e3o da tabela classificativa na Ligue 1. Sofiane Diop tentou justificar-se aos adeptos visitantes que viajaram para apoiar a equipa, mas estes n\u00e3o o quiseram ouvir.<\/p>\n<p>\u00c0 chegada ao aeroporto, j\u00e1 depois de a equipa saber que iria ser recebida por adeptos insatisfeitos, o presidente Fabrice Bocquet, que seria o principal alvo das cr\u00edticas, acabou por n\u00e3o seguir com os seus jogadores e treinadores para o centro de treinos, seguindo viagem no seu carro pr\u00f3prio, que havia ficado no Aeroporto de Nice.<\/p>\n<p>De acordo com esta fonte, esta aus\u00eancia, quando j\u00e1 se sabia que poderia ser uma situa\u00e7\u00e3o de muita tens\u00e3o, est\u00e1 a ser mal vista por parte de alguns respons\u00e1veis dentro do clube franc\u00eas, com todos os jogadores que estavam presentes a estarem em estado de choque, numa situa\u00e7\u00e3o que certamente ter\u00e1 consequ\u00eancias s\u00e9rias no futuro pr\u00f3ximo.<\/p>\n<p>De recordar que o Nice ser\u00e1 o pr\u00f3ximo advers\u00e1rio do Sporting de Braga na Liga Europa, onde os franceses n\u00e3o somaram qualquer ponto at\u00e9 ao momento, depois de quatro jogos disputados.<\/p>\n<p>                                                    <img decoding=\"async\" src=\"https:\/\/www.europesays.com\/pt\/wp-content\/uploads\/2025\/11\/naom_692968b797d35.jpg\" border=\"0\" alt=\"Drag\u00e3o ou Drag\u00f3n? Gabri Veiga e Samu empurram FC Porto na Liga Europa \"\/><\/p>\n<p>As notas do FC Porto-Nice, que possibilitou o salto dos drag\u00f5es para a zona de apuramento direto para os &#8216;oitavos&#8217; na Liga Europa, em igualdade pontual com o Sporting de Braga.<\/p>\n<p>                                                     Miguel Sim\u00f5es | 06:51 &#8211; 28\/11\/2025 <\/p>\n","protected":false},"excerpt":{"rendered":"Vivem-se dias de muita tens\u00e3o no Nice, de Fran\u00e7a. Depois de mais um resultado negativo este domingo diante&hellip;\n","protected":false},"author":2,"featured_media":172778,"comment_status":"","ping_status":"","sticky":false,"template":"","format":"standard","meta":{"footnotes":""},"categories":[87],"tags":[135,32,33,134],"class_list":{"0":"post-172777","1":"post","2":"type-post","3":"status-publish","4":"format-standard","5":"has-post-thumbnail","7":"category-desporto","8":"tag-desporto","9":"tag-portugal","10":"tag-pt","11":"tag-sports"},"share_on_mastodon":{"url":"https:\/\/pubeurope.com\/@pt\/115648750343299442","error":""},"_links":{"self":[{"href":"https:\/\/www.europesays.com\/pt\/wp-json\/wp\/v2\/posts\/172777","targetHints":{"allow":["GET"]}}],"collection":[{"href":"https:\/\/www.europesays.com\/pt\/wp-json\/wp\/v2\/posts"}],"about":[{"href":"https:\/\/www.europesays.com\/pt\/wp-json\/wp\/v2\/types\/post"}],"author":[{"embeddable":true,"href":"https:\/\/www.europesays.com\/pt\/wp-json\/wp\/v2\/users\/2"}],"replies":[{"embeddable":true,"href":"https:\/\/www.europesays.com\/pt\/wp-json\/wp\/v2\/comments?post=172777"}],"version-history":[{"count":0,"href":"https:\/\/www.europesays.com\/pt\/wp-json\/wp\/v2\/posts\/172777\/revisions"}],"wp:featuredmedia":[{"embeddable":true,"href":"https:\/\/www.europesays.com\/pt\/wp-json\/wp\/v2\/media\/172778"}],"wp:attachment":[{"href":"https:\/\/www.europesays.com\/pt\/wp-json\/wp\/v2\/media?parent=172777"}],"wp:term":[{"taxonomy":"category","embeddable":true,"href":"https:\/\/www.europesays.com\/pt\/wp-json\/wp\/v2\/categories?post=172777"},{"taxonomy":"post_tag","embeddable":true,"href":"https:\/\/www.europesays.com\/pt\/wp-json\/wp\/v2\/tags?post=172777"}],"curies":[{"name":"wp","href":"https:\/\/api.w.org\/{rel}","templated":true}]}}