{"id":172780,"date":"2025-12-02T07:21:20","date_gmt":"2025-12-02T07:21:20","guid":{"rendered":"https:\/\/www.europesays.com\/pt\/172780\/"},"modified":"2025-12-02T07:21:20","modified_gmt":"2025-12-02T07:21:20","slug":"o-balanco-do-primeiro-ano-de-antonio-costa-a-frente-do-conselho-europeu","status":"publish","type":"post","link":"https:\/\/www.europesays.com\/pt\/172780\/","title":{"rendered":"O balan\u00e7o do primeiro ano de Ant\u00f3nio Costa \u00e0 frente do Conselho Europeu"},"content":{"rendered":"<p><strong>O presidente do Conselho Europeu, Ant\u00f3nio Costa, presidiu a 22 cimeiras europeias e internacionais nos seus primeiros 12 meses no cargo e pretende, neste papel, &#8220;envolver-se ativamente com parceiros de todo o mundo&#8221; para promover a paz.<\/strong><\/p>\n<p>O balan\u00e7o foi divulgado pelo Conselho Europeu, a institui\u00e7\u00e3o que junta os chefes de Governo e de Estado da Uni\u00e3o Europeia (UE) para definir as orienta\u00e7\u00f5es e prioridades pol\u00edticas comunit\u00e1rias e que \u00e9 liderada pelo antigo primeiro-ministro portugu\u00eas h\u00e1 um ano, hoje assinalado.<\/p>\n<blockquote><p> &#8220;No seu papel como presidente do Conselho Europeu, Ant\u00f3nio Costa envolve-se ativamente com parceiros de todo o mundo para  <strong>promover a paz, a seguran\u00e7a e uma ordem internacional justa e baseada em regras<\/strong> &#8220;, indica o organismo em comunicado. <\/p><\/blockquote>\n<p>De acordo com o Conselho Europeu, neste papel de lideran\u00e7a, &#8220;Ant\u00f3nio Costa refor\u00e7ou o envolvimento da UE com parceiros internacionais essenciais&#8221; j\u00e1 que, &#8220;desde dezembro de 2024, copresidiu um total de 11 cimeiras e reuni\u00f5es de l\u00edderes com pa\u00edses e organiza\u00e7\u00f5es que representam mais de 60% da fam\u00edlia das Na\u00e7\u00f5es Unidas&#8221;.<\/p>\n<p>O presidente do Conselho Europeu representa externamente a Uni\u00e3o Europeia em quest\u00f5es de pol\u00edtica externa e de seguran\u00e7a ao n\u00edvel dos chefes de Governo e de Estado, incluindo em reuni\u00f5es internacionais e outros f\u00f3runs.<\/p>\n<blockquote><p> &#8220;Num panorama geopol\u00edtico em r\u00e1pida mudan\u00e7a e cada vez mais polarizado, o objetivo da UE \u00e9 refor\u00e7ar a coopera\u00e7\u00e3o para promover prosperidade, paz e seguran\u00e7a a n\u00edvel mundial, e fortalecer a ordem multilateral global&#8221;, aponta a institui\u00e7\u00e3o. <\/p><\/blockquote>\n<p>Da lista de cimeiras multilaterais e bilaterais faz parte a cimeira da UE com a Uni\u00e3o Africana na semana passada, bem como a cimeira do G20 e a de l\u00edderes UE-\u00c1frica do Sul, tamb\u00e9m em novembro, entre outras.<\/p>\n<p>\t\t<img decoding=\"async\" src=\"https:\/\/www.europesays.com\/pt\/wp-content\/uploads\/2025\/12\/1764660080_208_thumbs.web.sapo.io\"  loading=\"true\"\/><\/p>\n<p>                        Yves Herman<\/p>\n<p>S\u00f3 ao n\u00edvel comunit\u00e1rio, Ant\u00f3nio Costa presidiu a 11 reuni\u00f5es nestes 12 meses, incluindo cimeiras ordin\u00e1rias europeias (dezembro, mar\u00e7o, junho e outubro), bem como reuni\u00f5es informais ou por videoconfer\u00eancia ou Cimeiras Sociais Tripartidas.<\/p>\n<p>Um dos encontros informais disse respeito, em fevereiro passado, a um retiro de l\u00edderes da UE focado na \u00e1rea da defesa, uma iniciativa criada pelo presidente do Conselho Europeu para promover discuss\u00f5es mais francas sobre prioridades europeias.<\/p>\n<p>Para fevereiro do pr\u00f3ximo ano, est\u00e1 previsto um retiro de l\u00edderes europeus sobre competitividade econ\u00f3mica comunit\u00e1ria.<\/p>\n<p><strong>Estilo de lideran\u00e7a focado no di\u00e1logo<\/strong><\/p>\n<p>Depois de quase uma d\u00e9cada como primeiro-ministro portugu\u00eas, a 01 de dezembro de 2024, Ant\u00f3nio Costa come\u00e7ou o seu mandato de dois anos e meio \u00e0 frente do Conselho Europeu, sendo o primeiro socialista e o primeiro portugu\u00eas neste cargo.<\/p>\n<p>O primeiro ano de Ant\u00f3nio Costa ficou marcado por um <strong>estilo de lideran\u00e7a focado no di\u00e1logo e na defesa dos valores fundamentais da Uni\u00e3o Europeia<\/strong>, mas tamb\u00e9m em mais efici\u00eancia dos m\u00e9todos de trabalho.<\/p>\n<p>Desde o in\u00edcio, o respons\u00e1vel definiu como prioridades a <strong>unidade entre os Estados-membros<\/strong>, o <strong>refor\u00e7o do papel geopol\u00edtico da UE<\/strong> e a <strong>defesa de uma ordem internacional assente no multilateralismo<\/strong>.<\/p>\n<p>Na cerim\u00f3nia de transi\u00e7\u00e3o, sublinhou que a preserva\u00e7\u00e3o da democracia, dos direitos humanos, da paz e do Estado de direito seria o fio condutor da sua presid\u00eancia.<\/p>\n<p>Ao longo dos primeiros meses, Ant\u00f3nio Costa procurou consolidar a sua rela\u00e7\u00e3o com os l\u00edderes europeus e refor\u00e7ar a coordena\u00e7\u00e3o institucional, tendo j\u00e1 visitado os pa\u00edses (alguns por duas vezes) para identificar sensibilidades nacionais e preparar consensos.<\/p>\n<p>Em Bruxelas, existe a perce\u00e7\u00e3o de que a sua presid\u00eancia aposta na constru\u00e7\u00e3o de pontes e na aproxima\u00e7\u00e3o pol\u00edtica, evitando decis\u00f5es impostas.<\/p>\n<p>Nos pr\u00f3ximos meses, ter\u00e1 de solidificar este papel de ponte entre os l\u00edderes da UE em discuss\u00f5es decisivas como o apoio financeiro \u00e0 <a href=\"https:\/\/sapo.pt\/artigo\/zelensky-reune-se-com-presidente-macron-em-paris-692d81f3d79d44a5cdacad9b\" target=\"_blank\" rel=\"noreferrer noopener nofollow\"><strong>Ucr\u00e2nia<\/strong><\/a> ou o pr\u00f3ximo or\u00e7amento europeu a longo prazo.<\/p>\n","protected":false},"excerpt":{"rendered":"O presidente do Conselho Europeu, Ant\u00f3nio Costa, presidiu a 22 cimeiras europeias e internacionais nos seus primeiros 12&hellip;\n","protected":false},"author":2,"featured_media":172781,"comment_status":"","ping_status":"","sticky":false,"template":"","format":"standard","meta":{"footnotes":""},"categories":[50],"tags":[27,28,15,16,14,25,26,21,22,62,12,13,19,20,23,24,17,18,29,30,31,63,64,65],"class_list":{"0":"post-172780","1":"post","2":"type-post","3":"status-publish","4":"format-standard","5":"has-post-thumbnail","7":"category-mundo","8":"tag-breaking-news","9":"tag-breakingnews","10":"tag-featured-news","11":"tag-featurednews","12":"tag-headlines","13":"tag-latest-news","14":"tag-latestnews","15":"tag-main-news","16":"tag-mainnews","17":"tag-mundo","18":"tag-news","19":"tag-noticias","20":"tag-noticias-principais","21":"tag-noticiasprincipais","22":"tag-principais-noticias","23":"tag-principaisnoticias","24":"tag-top-stories","25":"tag-topstories","26":"tag-ultimas","27":"tag-ultimas-noticias","28":"tag-ultimasnoticias","29":"tag-world","30":"tag-world-news","31":"tag-worldnews"},"share_on_mastodon":{"url":"https:\/\/pubeurope.com\/@pt\/115648769993931544","error":""},"_links":{"self":[{"href":"https:\/\/www.europesays.com\/pt\/wp-json\/wp\/v2\/posts\/172780","targetHints":{"allow":["GET"]}}],"collection":[{"href":"https:\/\/www.europesays.com\/pt\/wp-json\/wp\/v2\/posts"}],"about":[{"href":"https:\/\/www.europesays.com\/pt\/wp-json\/wp\/v2\/types\/post"}],"author":[{"embeddable":true,"href":"https:\/\/www.europesays.com\/pt\/wp-json\/wp\/v2\/users\/2"}],"replies":[{"embeddable":true,"href":"https:\/\/www.europesays.com\/pt\/wp-json\/wp\/v2\/comments?post=172780"}],"version-history":[{"count":0,"href":"https:\/\/www.europesays.com\/pt\/wp-json\/wp\/v2\/posts\/172780\/revisions"}],"wp:featuredmedia":[{"embeddable":true,"href":"https:\/\/www.europesays.com\/pt\/wp-json\/wp\/v2\/media\/172781"}],"wp:attachment":[{"href":"https:\/\/www.europesays.com\/pt\/wp-json\/wp\/v2\/media?parent=172780"}],"wp:term":[{"taxonomy":"category","embeddable":true,"href":"https:\/\/www.europesays.com\/pt\/wp-json\/wp\/v2\/categories?post=172780"},{"taxonomy":"post_tag","embeddable":true,"href":"https:\/\/www.europesays.com\/pt\/wp-json\/wp\/v2\/tags?post=172780"}],"curies":[{"name":"wp","href":"https:\/\/api.w.org\/{rel}","templated":true}]}}