{"id":172782,"date":"2025-12-02T07:22:17","date_gmt":"2025-12-02T07:22:17","guid":{"rendered":"https:\/\/www.europesays.com\/pt\/172782\/"},"modified":"2025-12-02T07:22:17","modified_gmt":"2025-12-02T07:22:17","slug":"portugal-fez-maior-investimento-de-uma-vez-so-nas-forcas-armadas-diz-nuno-melo","status":"publish","type":"post","link":"https:\/\/www.europesays.com\/pt\/172782\/","title":{"rendered":"Portugal fez &#8220;maior investimento de uma vez s\u00f3&#8221; nas For\u00e7as Armadas, diz Nuno Melo"},"content":{"rendered":"<p data-remotead-prev-elm=\"true\" data-remotead-elm-id=\"inread\">Nuno Melo referia-se \u00e0 candidatura formal de Portugal ao programa europeu de empr\u00e9stimos para a Defesa SAFE, no valor de 5,8 mil milh\u00f5es de euros, aprovada na sexta-feira em Conselho de Ministros. &#8220;\u00c9 o maior investimento de uma vez s\u00f3 nas For\u00e7as Armadas, dotando-as de equipamentos que s\u00e3o absolutamente necess\u00e1rios para o cumprimento das miss\u00f5es dentro e fora de Portugal&#8221;, afirmou o ministro da Defesa, que representou o primeiro-ministro nas cerim\u00f3nias comemorativas da Restaura\u00e7\u00e3o da Independ\u00eancia de Portugal, nos Restauradores, em Lisboa.<\/p>\n<p>Nuno Melo remeteu para os pr\u00f3ximos dias mais detalhes sobre os equipamentos em que Portugal investir\u00e1 no \u00e2mbito deste programa europeu para a pr\u00f3xima d\u00e9cada, e tamb\u00e9m sobre os juros a pagar, dizendo tratar-se de &#8220;<strong>navios, ve\u00edculos blindados, sat\u00e9lites, muni\u00e7\u00f5es, drones<\/strong>&#8220;.<\/p>\n<p>&#8220;Ser\u00e3o investimentos em todos os dom\u00ednios, terra, mar, ar e espa\u00e7o (&#8230;) Tudo aquilo que \u00e9 absolutamente necess\u00e1rio em For\u00e7as Armadas, que tem grande parte do seu equipamento j\u00e1 muito ultrapassado, em fim de ciclo, e este esfor\u00e7o \u00e9 determinante&#8221;, afirmou.<\/p>\n<p>Marcelo ouviu desagrado<\/p>\n<p data-remotead-prev-elm=\"true\" data-remotead-elm-id=\"centro1\">Marcelo Rebelo de Sousa que, como \u00e9 habitual n\u00e3o discursou na cerim\u00f3nia, dirigiu-se no final a uma das laterais da Pra\u00e7a dos Restauradores para cumprimentar membros uma associa\u00e7\u00e3o amigos de Oliven\u00e7a.<\/p>\n<p>No entanto, ao lado estavam outros populares (cerca de uma dezena) com uma faixa onde lia &#8220;portugueses primeiro&#8221;, que aproveitaram a proximidade do chefe de Estado para lhe deixarem algumas palavras de desagrado.<\/p>\n<p>&#8220;Estou muito feliz que vai terminar o seu consulado e vai-se embora do pa\u00eds&#8221;, disse um deles, com outro a confront\u00e1-lo com o casos de alegado favorecimento a duas crian\u00e7as g\u00e9meas no Servi\u00e7o Nacional de Sa\u00fade, um incidente que durou breves momentos antes de o chefe de Estado entrar no carro.<\/p>\n<p>Ribeiro e Castro: &#8220;Eu tamb\u00e9m tenho culpa, votei AD&#8221;<\/p>\n<p data-remotead-prev-elm=\"true\" data-remotead-elm-id=\"centro2\">Antes, o presidente da dire\u00e7\u00e3o da Sociedade Hist\u00f3rica da Independ\u00eancia de Portugal, Jos\u00e9 Ribeiro e Castro, tinha deixado cr\u00edticas \u00e0s poucas verbas destinadas a esta entidade &#8211; &#8220;meio sal\u00e1rio m\u00ednimo por m\u00eas&#8221; -, um problema que disse estender-se desde as governos PS, mas que n\u00e3o mudou no atual do PSD\/CDS-PP.<\/p>\n<p>&#8220;Desta vez eu tamb\u00e9m tenho culpa, que votei AD&#8221;, afirmou, lamentando tamb\u00e9m ainda n\u00e3o ter conseguido ser recebido pelo primeiro-ministro, Lu\u00eds Montenegro.<\/p>\n<p>O antigo l\u00edder do CDS-PP relatou, na sua interven\u00e7\u00e3o, uma conversa que disse ter tido esta manh\u00e3 com uma popular nos Restauradores, na qual ela lhe manifestou estranheza pela aus\u00eancia do primeiro-ministro, que tamb\u00e9m n\u00e3o esteve presente nas cerim\u00f3nias do ano passado.<\/p>\n<p data-remotead-prev-elm=\"true\" data-remotead-elm-id=\"centro3\"><img decoding=\"async\" class=\"ngx-body\" guid=\"0ad528f0-c3bc-4b5a-9209-7232b2690edf\" src=\"https:\/\/www.europesays.com\/pt\/wp-content\/uploads\/2025\/12\/image.webp\" width=\"100%\"\/><br \/>Foto: Jos\u00e9 Sena Goul\u00e3o\/Lusa<\/p>\n<p>Na sua interven\u00e7\u00e3o, Nuno Melo aproveitou para responder que o Governo esteve representado &#8220;como um todo&#8221; e, no final, negou haver qualquer melindre com estas palavras.<\/p>\n<p>O ministro da Defesa Nacional destacou a grandeza dos que recuperaram a independ\u00eancia pol\u00edtica do pa\u00eds e considerou que esta grandeza se encontra, no Portugal contempor\u00e2neo, ainda nos antigos combatentes vivos e nos militares das For\u00e7as Armadas, quer dos atuais, quer dos que fizeram o 25 de Abril e o 25 de Novembro.<\/p>\n<p data-remotead-prev-elm=\"true\" data-remotead-elm-id=\"centro4\">&#8220;As For\u00e7as Armadas s\u00e3o hoje legat\u00e1rias do esp\u00edrito do 1.\u00aa de Dezembro, porque s\u00e3o a manifesta\u00e7\u00e3o viva de todas as conquistas, a ess\u00eancia da na\u00e7\u00e3o portuguesa, a primeira express\u00e3o de soberania e a \u00faltima fronteira da nossa independ\u00eancia&#8221;, exaltou, alargando este &#8220;esp\u00edrito de grandeza&#8221; aos profissionais de sa\u00fade, professores, agricultores, for\u00e7as de seguran\u00e7a, empres\u00e1rios ou desportistas.<\/p>\n<p>Tamb\u00e9m o presidente da C\u00e2mara Municipal de Lisboa, Carlos Moedas, discursou na cerim\u00f3nia, voltando a alertar que s\u00e3o &#8220;as disson\u00e2ncias entre os pol\u00edticos e o que as pessoas pensam&#8221; que geram incompreens\u00e3o e d\u00e3o origem aos populismos.<\/p>\n<p>&#8220;O 1.\u00ba de Dezembro foi o momento em que as elites voltaram a escutar as pessoas&#8221;, destacou, defendendo que na vida pol\u00edtica &#8220;\u00e9 preciso coragem&#8221; de falar, por vezes, contra &#8220;a bolha pol\u00edtico-medi\u00e1tica&#8221; como disse ter sido o seu caso quando alertou h\u00e1 alguns anos para &#8220;a desregula\u00e7\u00e3o na imigra\u00e7\u00e3o&#8221;.<\/p>\n<p>Moedas elogiou o exemplo do presidente da Rep\u00fablica de &#8220;proximidade com as pessoas&#8221;, e agradeceu-lhe &#8220;o muito que aprendeu&#8221; com ele, neste \u00faltimo 1.\u00ba de Dezembro a que presidiu, j\u00e1 que haver\u00e1 novo chefe de Estado a partir de 9 de mar\u00e7o.<\/p>\n","protected":false},"excerpt":{"rendered":"Nuno Melo referia-se \u00e0 candidatura formal de Portugal ao programa europeu de empr\u00e9stimos para a Defesa SAFE, no&hellip;\n","protected":false},"author":2,"featured_media":172783,"comment_status":"","ping_status":"","sticky":false,"template":"","format":"standard","meta":{"footnotes":""},"categories":[10],"tags":[27,28,15,16,6293,14,25,26,21,22,588,619,12,13,19,20,7219,32,23,24,33,17,18,29,30,31],"class_list":{"0":"post-172782","1":"post","2":"type-post","3":"status-publish","4":"format-standard","5":"has-post-thumbnail","7":"category-portugal","8":"tag-breaking-news","9":"tag-breakingnews","10":"tag-featured-news","11":"tag-featurednews","12":"tag-forcas-armadas","13":"tag-headlines","14":"tag-latest-news","15":"tag-latestnews","16":"tag-main-news","17":"tag-mainnews","18":"tag-marcelo-rebelo-de-sousa","19":"tag-nacional","20":"tag-news","21":"tag-noticias","22":"tag-noticias-principais","23":"tag-noticiasprincipais","24":"tag-nuno-melo","25":"tag-portugal","26":"tag-principais-noticias","27":"tag-principaisnoticias","28":"tag-pt","29":"tag-top-stories","30":"tag-topstories","31":"tag-ultimas","32":"tag-ultimas-noticias","33":"tag-ultimasnoticias"},"share_on_mastodon":{"url":"https:\/\/pubeurope.com\/@pt\/115648773876452368","error":""},"_links":{"self":[{"href":"https:\/\/www.europesays.com\/pt\/wp-json\/wp\/v2\/posts\/172782","targetHints":{"allow":["GET"]}}],"collection":[{"href":"https:\/\/www.europesays.com\/pt\/wp-json\/wp\/v2\/posts"}],"about":[{"href":"https:\/\/www.europesays.com\/pt\/wp-json\/wp\/v2\/types\/post"}],"author":[{"embeddable":true,"href":"https:\/\/www.europesays.com\/pt\/wp-json\/wp\/v2\/users\/2"}],"replies":[{"embeddable":true,"href":"https:\/\/www.europesays.com\/pt\/wp-json\/wp\/v2\/comments?post=172782"}],"version-history":[{"count":0,"href":"https:\/\/www.europesays.com\/pt\/wp-json\/wp\/v2\/posts\/172782\/revisions"}],"wp:featuredmedia":[{"embeddable":true,"href":"https:\/\/www.europesays.com\/pt\/wp-json\/wp\/v2\/media\/172783"}],"wp:attachment":[{"href":"https:\/\/www.europesays.com\/pt\/wp-json\/wp\/v2\/media?parent=172782"}],"wp:term":[{"taxonomy":"category","embeddable":true,"href":"https:\/\/www.europesays.com\/pt\/wp-json\/wp\/v2\/categories?post=172782"},{"taxonomy":"post_tag","embeddable":true,"href":"https:\/\/www.europesays.com\/pt\/wp-json\/wp\/v2\/tags?post=172782"}],"curies":[{"name":"wp","href":"https:\/\/api.w.org\/{rel}","templated":true}]}}