{"id":172793,"date":"2025-12-02T07:44:19","date_gmt":"2025-12-02T07:44:19","guid":{"rendered":"https:\/\/www.europesays.com\/pt\/172793\/"},"modified":"2025-12-02T07:44:19","modified_gmt":"2025-12-02T07:44:19","slug":"red-bull-condena-ameacas-a-kimi-antonelli-apos-gp-do-qatar-de-f1","status":"publish","type":"post","link":"https:\/\/www.europesays.com\/pt\/172793\/","title":{"rendered":"Red Bull condena amea\u00e7as a Kimi Antonelli ap\u00f3s GP do Qatar de F1"},"content":{"rendered":"<p>A Red Bull emitiu um comunicado a condenar os ataques e amea\u00e7as de morte dirigidos a Kimi Antonelli nas redes sociais, na sequ\u00eancia de um erro do piloto da Mercedes nas voltas finais do Grande Pr\u00e9mio do Qatar, que permitiu a ultrapassagem de Lando Norris para o quarto lugar e dois pontos extra na luta pelo t\u00edtulo.\u200b<\/p>\n<p><strong>Erro em pista, onda de \u00f3dio online<\/strong><\/p>\n<p>Antonelli seguia \u00e0 frente de Norris at\u00e9 \u00e0 pen\u00faltima volta, quando saiu largo e perdeu momentaneamente o controlo do carro, deixando o brit\u00e2nico passar. A manobra reduziu a margem de pontos que parecia encaminhar-se para Max Verstappen e deixou Norris com 12 pontos de vantagem sobre o holand\u00eas antes da decis\u00e3o em Abu Dhabi. De acordo com a Mercedes, mais de 1100 coment\u00e1rios \u201cgraves ou suspeitos\u201d, incluindo amea\u00e7as de morte, foram detetados nas contas do italiano por ferramentas internas de gest\u00e3o de comunidade.\u200b<\/p>\n<p><img loading=\"lazy\" decoding=\"async\" width=\"1025\" height=\"1281\" data-lazy-type=\"image\" src=\"https:\/\/www.europesays.com\/pt\/wp-content\/uploads\/2025\/12\/592660641-1252091170300280-6905664228970567713-n.jpg\" alt=\"\" class=\"lazy lazy-hidden wp-image-736586\" style=\"width:448px;height:auto\"\/><\/p>\n<p><strong>Red Bull retifica e \u201clamenta\u201d abuso<\/strong><\/p>\n<p>O caso ganhou dimens\u00e3o depois de Helmut Marko sugerir que Antonelli teria permitido deliberadamente a ultrapassagem, ecoando d\u00favidas lan\u00e7adas tamb\u00e9m no r\u00e1dio de Verstappen. No comunicado divulgado, a Red Bull esclarece que \u201ccoment\u00e1rios feitos antes do final e imediatamente ap\u00f3s o GP do Qatar sugerindo que o piloto da Mercedes, Kimi Antonelli, tinha deliberadamente permitido que Lando Norris o ultrapassasse est\u00e3o claramente incorretos\u201d, sublinhando que as repeti\u00e7\u00f5es mostram o piloto a perder momentaneamente o controlo, o que abriu a porta \u00e0 ultrapassagem. A equipa acrescenta ainda \u201clamentar sinceramente\u201d que essa narrativa tenha contribu\u00eddo para o abuso online dirigido ao jovem piloto.\u200b<\/p>\n<p><strong>Wolff ataca declara\u00e7\u00f5es e Mercedes leva caso \u00e0 FIA<\/strong><\/p>\n<p>Toto Wolff, chefe de equipa da Mercedes, classificou as insinua\u00e7\u00f5es de Marko como \u201cbrainless\u201d e \u201cabsurdas\u201d, refor\u00e7ando que Antonelli cometeu um erro em luta direta e n\u00e3o qualquer a\u00e7\u00e3o deliberada para ajudar Norris.<\/p>\n<p>A Mercedes anunciou que ir\u00e1 apresentar \u00e0 FIA o registo dos coment\u00e1rios abusivos, alinhando com o esfor\u00e7o do organismo em combater o discurso de \u00f3dio atrav\u00e9s da campanha \u201cUnited Against Online Abuse\u201d.<\/p>\n<p>Em resposta ao esclarecimento da Red Bull, a marca de Brackley escreveu nas suas redes: \u201cAbuso nunca \u00e9 aceit\u00e1vel. Agradecemos terem reposto a verdade. Vemo-nos em pista em Abu Dhab<\/p>\n","protected":false},"excerpt":{"rendered":"A Red Bull emitiu um comunicado a condenar os ataques e amea\u00e7as de morte dirigidos a Kimi Antonelli&hellip;\n","protected":false},"author":2,"featured_media":172794,"comment_status":"","ping_status":"","sticky":false,"template":"","format":"standard","meta":{"footnotes":""},"categories":[87],"tags":[135,970,971,32953,32,33,134],"class_list":{"0":"post-172793","1":"post","2":"type-post","3":"status-publish","4":"format-standard","5":"has-post-thumbnail","7":"category-desporto","8":"tag-desporto","9":"tag-f1","10":"tag-formula-1","11":"tag-kimi-antonelli","12":"tag-portugal","13":"tag-pt","14":"tag-sports"},"share_on_mastodon":{"url":"https:\/\/pubeurope.com\/@pt\/115648860696804697","error":""},"_links":{"self":[{"href":"https:\/\/www.europesays.com\/pt\/wp-json\/wp\/v2\/posts\/172793","targetHints":{"allow":["GET"]}}],"collection":[{"href":"https:\/\/www.europesays.com\/pt\/wp-json\/wp\/v2\/posts"}],"about":[{"href":"https:\/\/www.europesays.com\/pt\/wp-json\/wp\/v2\/types\/post"}],"author":[{"embeddable":true,"href":"https:\/\/www.europesays.com\/pt\/wp-json\/wp\/v2\/users\/2"}],"replies":[{"embeddable":true,"href":"https:\/\/www.europesays.com\/pt\/wp-json\/wp\/v2\/comments?post=172793"}],"version-history":[{"count":0,"href":"https:\/\/www.europesays.com\/pt\/wp-json\/wp\/v2\/posts\/172793\/revisions"}],"wp:featuredmedia":[{"embeddable":true,"href":"https:\/\/www.europesays.com\/pt\/wp-json\/wp\/v2\/media\/172794"}],"wp:attachment":[{"href":"https:\/\/www.europesays.com\/pt\/wp-json\/wp\/v2\/media?parent=172793"}],"wp:term":[{"taxonomy":"category","embeddable":true,"href":"https:\/\/www.europesays.com\/pt\/wp-json\/wp\/v2\/categories?post=172793"},{"taxonomy":"post_tag","embeddable":true,"href":"https:\/\/www.europesays.com\/pt\/wp-json\/wp\/v2\/tags?post=172793"}],"curies":[{"name":"wp","href":"https:\/\/api.w.org\/{rel}","templated":true}]}}