{"id":172815,"date":"2025-12-02T08:33:13","date_gmt":"2025-12-02T08:33:13","guid":{"rendered":"https:\/\/www.europesays.com\/pt\/172815\/"},"modified":"2025-12-02T08:33:13","modified_gmt":"2025-12-02T08:33:13","slug":"tinta-de-tatuagem-afeta-sistema-imunologico-diz-estudo-01-12-2025-equilibrio-e-saude","status":"publish","type":"post","link":"https:\/\/www.europesays.com\/pt\/172815\/","title":{"rendered":"Tinta de tatuagem afeta sistema imunol\u00f3gico, diz estudo &#8211; 01\/12\/2025 &#8211; Equil\u00edbrio e Sa\u00fade"},"content":{"rendered":"<p>A tinta de <a href=\"https:\/\/www1.folha.uol.com.br\/colunas\/helioschwartsman\/2025\/07\/cfm-tatuagens-e-autonomia.shtml\" rel=\"nofollow noopener\" target=\"\">tatuagem<\/a> n\u00e3o fica inerte na pele. Uma nova pesquisa mostrou que ela se move rapidamente para o sistema linf\u00e1tico, onde pode persistir por meses, matar c\u00e9lulas imunol\u00f3gicas e at\u00e9 interromper a resposta do corpo \u00e0s vacinas.<\/p>\n<p>Cientistas na <a href=\"https:\/\/www1.folha.uol.com.br\/folha-topicos\/suica\/\" rel=\"nofollow noopener\" target=\"\">Su\u00ed\u00e7a<\/a> usaram um camundongo para rastrear o que acontece no organismo ap\u00f3s a tatuagem. Os pigmentos atingiram linfonodos pr\u00f3ximos em minutos e continuaram a se acumular por dois meses, desencadeando morte celular imunol\u00f3gica e inflama\u00e7\u00e3o persistente.<\/p>\n<p>A tinta tamb\u00e9m enfraqueceu a<a href=\"https:\/\/www1.folha.uol.com.br\/equilibrioesaude\/2023\/12\/vacina-da-covid-reduz-risco-de-morte-mesmo-com-queda-de-anticorpos-apos-6-meses-diz-estudo.shtml\" rel=\"nofollow noopener\" target=\"_blank\"> resposta de anticorpos \u00e0 vacina contra a Covid-19 <\/a>da Pfizer-BioNTech quando a inje\u00e7\u00e3o foi administrada na pele tatuada. Por outro lado, a inflama\u00e7\u00e3o desencadeada pareceu aumentar as respostas a uma vacina inativada contra a <a href=\"https:\/\/www1.folha.uol.com.br\/folha-topicos\/influenza\/\" rel=\"nofollow noopener\" target=\"_blank\">gripe<\/a>.<\/p>\n<p>As descobertas, <a href=\"https:\/\/pubmed.ncbi.nlm.nih.gov\/41289395\/\" rel=\"nofollow noopener\" target=\"_blank\">publicadas no peri\u00f3dico PNAS (Proceedings of the National Academy of Sciences)<\/a>, agu\u00e7am uma quest\u00e3o de <a href=\"https:\/\/www1.folha.uol.com.br\/folha-topicos\/saude\/\" rel=\"nofollow noopener\" target=\"_blank\">sa\u00fade<\/a> p\u00fablica. Uma pesquisa do <a href=\"https:\/\/www.pewresearch.org\/short-reads\/2023\/08\/15\/32-of-americans-have-a-tattoo-including-22-who-have-more-than-one\/\" rel=\"nofollow noopener\" target=\"_blank\">Pew Research<\/a> de 2023 estimou que 32% dos adultos americanos t\u00eam pelo menos uma tatuagem, e 22% t\u00eam v\u00e1rias delas.<\/p>\n<p>Os pesquisadores da Universit\u00e0 della Svizzera italiana em Bellinzona dizem que os resultados apontam para a necessidade de testes toxicol\u00f3gicos mais rigorosos e supervis\u00e3o mais estrita das subst\u00e2ncias presentes na tinta de tatuagem, que enfrentam regulamenta\u00e7\u00e3o muito mais frouxa do que produtos m\u00e9dicos.<\/p>\n<p>&#8220;Este trabalho representa o estudo mais extenso at\u00e9 o momento sobre o efeito da tinta de tatuagem na resposta imunol\u00f3gica e levanta s\u00e9rias preocupa\u00e7\u00f5es de sa\u00fade associadas \u00e0 pr\u00e1tica da tatuagem&#8221;, afirmam os pesquisadores. &#8220;Nosso trabalho ressalta a necessidade de mais pesquisas para informar pol\u00edticas de sa\u00fade p\u00fablica e estruturas regulat\u00f3rias sobre a seguran\u00e7a das <a href=\"https:\/\/www1.folha.uol.com.br\/ilustrada\/2020\/08\/entenda-a-nova-onda-de-tatuagens-com-tinta-preta-e-aflicao-na-ponta-da-agulha.shtml\" rel=\"nofollow noopener\" target=\"\">tintas de tatuagem<\/a>.&#8221;<\/p>\n<p>O estudo n\u00e3o mostra, por\u00e9m, se efeitos semelhantes no sistema imunol\u00f3gico ocorrem em pessoas \u2014isso n\u00e3o foi testado. Mas sinaliza riscos claros. Pigmentos t\u00eam sido documentados h\u00e1 muito tempo em linfonodos humanos, e as descobertas em camundongos espelham o que foi observado tanto em humanos quanto em primatas.<\/p>\n<p>Um <a href=\"https:\/\/www1.folha.uol.com.br\/equilibrioesaude\/2024\/06\/estudo-associa-tatuagem-a-maior-risco-de-desenvolver-linfoma-nao-ha-relacao-de-causa-e-efeito.shtml\" rel=\"nofollow noopener\" target=\"_blank\">estudo sueco de 2024<\/a> com quase 12 mil pessoas descobriu que indiv\u00edduos tatuados tinham um risco 21% maior de desenvolver linfoma maligno do que aqueles sem tinta, com as associa\u00e7\u00f5es mais fortes aparecendo nos primeiros dois anos ap\u00f3s fazer uma tatuagem e novamente mais de uma d\u00e9cada depois. O risco elevado <a href=\"https:\/\/www1.folha.uol.com.br\/equilibrioesaude\/2024\/06\/estudo-associa-tatuagem-a-maior-risco-de-desenvolver-linfoma-nao-ha-relacao-de-causa-e-efeito.shtml\" rel=\"nofollow noopener\" target=\"\">abrangeu os principais tipos de linfoma<\/a> \u2014tanto formas agressivas, como o linfoma difuso de grandes c\u00e9lulas B, quanto as de crescimento mais lento, como o linfoma folicular.<\/p>\n<p>Um estudo dinamarqu\u00eas realizado com g\u00eameos, <a href=\"https:\/\/pubmed.ncbi.nlm.nih.gov\/39819495\/\" rel=\"nofollow noopener\" target=\"_blank\">publicado em janeiro<\/a>, relatou padr\u00f5es semelhantes. Participantes tatuados tinham riscos mais altos de desenvolver <a href=\"https:\/\/www1.folha.uol.com.br\/equilibrio\/2024\/04\/entenda-como-reconhecer-a-forma-mais-comum-de-cancer-de-pele.shtml\" rel=\"nofollow noopener\" target=\"\">c\u00e2ncer de pele<\/a> \u2014incluindo melanoma e carcinoma de c\u00e9lulas escamosas\u2014, bem como linfoma, com perigos aumentando ainda mais para tatuagens maiores que uma palma. Em um bra\u00e7o do estudo, tatuagens grandes foram associadas a um risco 2,7 vezes maior de linfoma e mais que o dobro do risco de c\u00e2ncer de pele.<\/p>\n<p>Pesquisadores de ambos os pa\u00edses dizem que as evid\u00eancias acumuladas merecem investiga\u00e7\u00e3o mais profunda, especialmente porque pigmentos como o negro de carbono, os hidrocarbonetos arom\u00e1ticos polic\u00edclicos e os corantes azoicos s\u00e3o conhecidos por migrar para os linfonodos e l\u00e1 permanecer por anos.<\/p>\n","protected":false},"excerpt":{"rendered":"A tinta de tatuagem n\u00e3o fica inerte na pele. Uma nova pesquisa mostrou que ela se move rapidamente&hellip;\n","protected":false},"author":2,"featured_media":172816,"comment_status":"","ping_status":"","sticky":false,"template":"","format":"standard","meta":{"footnotes":""},"categories":[86],"tags":[18575,236,116,11291,32133,1208,32,33,117,18477,4817,1333,2820],"class_list":{"0":"post-172815","1":"post","2":"type-post","3":"status-publish","4":"format-standard","5":"has-post-thumbnail","7":"category-saude","8":"tag-bloomberg-news","9":"tag-folha","10":"tag-health","11":"tag-imunobiologicos","12":"tag-imunologia","13":"tag-medicina","14":"tag-portugal","15":"tag-pt","16":"tag-saude","17":"tag-sistema-imunologico","18":"tag-tatuagem","19":"tag-vacina","20":"tag-vacinacao"},"share_on_mastodon":{"url":"https:\/\/pubeurope.com\/@pt\/115649053015237371","error":""},"_links":{"self":[{"href":"https:\/\/www.europesays.com\/pt\/wp-json\/wp\/v2\/posts\/172815","targetHints":{"allow":["GET"]}}],"collection":[{"href":"https:\/\/www.europesays.com\/pt\/wp-json\/wp\/v2\/posts"}],"about":[{"href":"https:\/\/www.europesays.com\/pt\/wp-json\/wp\/v2\/types\/post"}],"author":[{"embeddable":true,"href":"https:\/\/www.europesays.com\/pt\/wp-json\/wp\/v2\/users\/2"}],"replies":[{"embeddable":true,"href":"https:\/\/www.europesays.com\/pt\/wp-json\/wp\/v2\/comments?post=172815"}],"version-history":[{"count":0,"href":"https:\/\/www.europesays.com\/pt\/wp-json\/wp\/v2\/posts\/172815\/revisions"}],"wp:featuredmedia":[{"embeddable":true,"href":"https:\/\/www.europesays.com\/pt\/wp-json\/wp\/v2\/media\/172816"}],"wp:attachment":[{"href":"https:\/\/www.europesays.com\/pt\/wp-json\/wp\/v2\/media?parent=172815"}],"wp:term":[{"taxonomy":"category","embeddable":true,"href":"https:\/\/www.europesays.com\/pt\/wp-json\/wp\/v2\/categories?post=172815"},{"taxonomy":"post_tag","embeddable":true,"href":"https:\/\/www.europesays.com\/pt\/wp-json\/wp\/v2\/tags?post=172815"}],"curies":[{"name":"wp","href":"https:\/\/api.w.org\/{rel}","templated":true}]}}