{"id":172824,"date":"2025-12-02T08:43:05","date_gmt":"2025-12-02T08:43:05","guid":{"rendered":"https:\/\/www.europesays.com\/pt\/172824\/"},"modified":"2025-12-02T08:43:05","modified_gmt":"2025-12-02T08:43:05","slug":"terra-forte-a-acoreana-nao-e-uma-associacao-de-caridade-e-isto-nao-e-um-albergue-novelas","status":"publish","type":"post","link":"https:\/\/www.europesays.com\/pt\/172824\/","title":{"rendered":"Terra Forte: \u00abA A\u00e7oreana n\u00e3o \u00e9 uma associa\u00e7\u00e3o de caridade e isto n\u00e3o \u00e9 um albergue\u00bb &#8211; Novelas"},"content":{"rendered":"<p>Em \u00abTerra Forte\u00bb, Flor (Benedita Pereira) indica que Ant\u00f3nio (Jo\u00e3o Catarr\u00e9) seria uma grande mais-valia para a empresa com a sua experi\u00eancia de pesca. Sammy (Jos\u00e9 Fidalgo) concorda, deixando Maria de F\u00e1tima (Rita Pereira) irritada. Flor sugere que Jos\u00e9 (Paulo Calatr\u00e9) e Carla (Marina Albuquerque) venham viver com eles e Maria de F\u00e1tima explode a dizer que aquela casa n\u00e3o \u00e9 um albergue.<\/p>\n","protected":false},"excerpt":{"rendered":"Em \u00abTerra Forte\u00bb, Flor (Benedita Pereira) indica que Ant\u00f3nio (Jo\u00e3o Catarr\u00e9) seria uma grande mais-valia para a empresa&hellip;\n","protected":false},"author":2,"featured_media":172825,"comment_status":"","ping_status":"","sticky":false,"template":"","format":"standard","meta":{"footnotes":""},"categories":[142],"tags":[160,166,114,115,157,167,164,2931,161,158,165,159,32,33,156,18614,163,151,162],"class_list":{"0":"post-172824","1":"post","2":"type-post","3":"status-publish","4":"format-standard","5":"has-post-thumbnail","7":"category-tv","8":"tag-ana-guiomar","9":"tag-cristina-ferreira","10":"tag-entertainment","11":"tag-entretenimento","12":"tag-festa-e-festa","13":"tag-ficcao","14":"tag-jose-fidalgo","15":"tag-novela","16":"tag-novelas","17":"tag-para-sempre","18":"tag-pedro-sousa","19":"tag-pedro-teixeira","20":"tag-portugal","21":"tag-pt","22":"tag-queridos-papas","23":"tag-terra-forte","24":"tag-tiago-teotonio-pereira","25":"tag-tv","26":"tag-tvi"},"share_on_mastodon":{"url":"https:\/\/pubeurope.com\/@pt\/115649092218953708","error":""},"_links":{"self":[{"href":"https:\/\/www.europesays.com\/pt\/wp-json\/wp\/v2\/posts\/172824","targetHints":{"allow":["GET"]}}],"collection":[{"href":"https:\/\/www.europesays.com\/pt\/wp-json\/wp\/v2\/posts"}],"about":[{"href":"https:\/\/www.europesays.com\/pt\/wp-json\/wp\/v2\/types\/post"}],"author":[{"embeddable":true,"href":"https:\/\/www.europesays.com\/pt\/wp-json\/wp\/v2\/users\/2"}],"replies":[{"embeddable":true,"href":"https:\/\/www.europesays.com\/pt\/wp-json\/wp\/v2\/comments?post=172824"}],"version-history":[{"count":0,"href":"https:\/\/www.europesays.com\/pt\/wp-json\/wp\/v2\/posts\/172824\/revisions"}],"wp:featuredmedia":[{"embeddable":true,"href":"https:\/\/www.europesays.com\/pt\/wp-json\/wp\/v2\/media\/172825"}],"wp:attachment":[{"href":"https:\/\/www.europesays.com\/pt\/wp-json\/wp\/v2\/media?parent=172824"}],"wp:term":[{"taxonomy":"category","embeddable":true,"href":"https:\/\/www.europesays.com\/pt\/wp-json\/wp\/v2\/categories?post=172824"},{"taxonomy":"post_tag","embeddable":true,"href":"https:\/\/www.europesays.com\/pt\/wp-json\/wp\/v2\/tags?post=172824"}],"curies":[{"name":"wp","href":"https:\/\/api.w.org\/{rel}","templated":true}]}}