{"id":172854,"date":"2025-12-02T09:45:10","date_gmt":"2025-12-02T09:45:10","guid":{"rendered":"https:\/\/www.europesays.com\/pt\/172854\/"},"modified":"2025-12-02T09:45:10","modified_gmt":"2025-12-02T09:45:10","slug":"o-desenvolvedor-de-the-ascent-promete-um-anuncio-no-the-game-awards","status":"publish","type":"post","link":"https:\/\/www.europesays.com\/pt\/172854\/","title":{"rendered":"O desenvolvedor de The Ascent promete um an\u00fancio no The Game Awards &#8211;"},"content":{"rendered":"<p>A enxurrada de projetos e an\u00fancios que ser\u00e3o revelados em The Game Awards est\u00e1 ganhando forma ainda mais. Al\u00e9m de Geoff Keighley sugerir atualiza\u00e7\u00f5es e revela\u00e7\u00f5es iminentes, os desenvolvedores tamb\u00e9m est\u00e3o entrando na divers\u00e3o, incluindo a equipe que fez The Ascent.<\/p>\n<p>Neon Giant levou a X para dar uma advert\u00eancia em The Game Awards. N\u00e3o nos dizem exatamente o que o est\u00fadio tem preparado, pois simplesmente recebemos uma frase r\u00e1pida que diz &#8220;nada est\u00e1 fora dos limites&#8221; tudo antes de ser fornecido um save the date, 11 de dezembro (o show acontece em 12 de dezembro para quem est\u00e1 na Europa).<\/p>\n<blockquote class=\"twitter-tweet\" data-theme=\"dark\"><p><a href=\"https:\/\/twitter.com\/NeonGiantGames\/status\/1995417593407050185?ref_src=twsrc%5Etfw\" rel=\"nofollow noopener\" target=\"_blank\"><\/p><\/blockquote>\n<p>Parece que o que a equipe tem feito tem um tema urbano novamente, ent\u00e3o se voc\u00ea gostou de The Ascent, este an\u00fancio parece ser um que voc\u00ea n\u00e3o vai querer perder.<\/p>\n<p><img loading=\"lazy\" decoding=\"async\" id=\"img-1516573-4745763\" data-fullsize=\"\/media\/57\/ascentdeveloperpromises_4745763b.jpg\" data-lazy=\"\" src=\"https:\/\/www.gamereactor.pthttps:\/\/www.gamereactor.pt\/media\/57\/ascentdeveloperpromises_4745763_650x.jpg\" width=\"650\" onclick=\"if (!window.__cfRLUnblockHandlers) return false; gallery_openmodal('1516573','4745763',false,'053b520a35ad180771f437e455f7fce7');\" height=\"650\" alt=\"O desenvolvedor de The Ascent promete um an\u00fancio no The Game Awards\" class=\"rwd_col_content lazy\" data-cf-modified-4bf747fda93e2facd954f28a-=\"\"\/><script async src=\"https:\/\/platform.twitter.com\/widgets.js\" charset=\"utf-8\"><\/script><\/p>\n","protected":false},"excerpt":{"rendered":"A enxurrada de projetos e an\u00fancios que ser\u00e3o revelados em The Game Awards est\u00e1 ganhando forma ainda mais.&hellip;\n","protected":false},"author":2,"featured_media":172855,"comment_status":"","ping_status":"","sticky":false,"template":"","format":"standard","meta":{"footnotes":""},"categories":[84],"tags":[109,107,108,32,33,105,103,104,106,110],"class_list":{"0":"post-172854","1":"post","2":"type-post","3":"status-publish","4":"format-standard","5":"has-post-thumbnail","7":"category-ciencia-e-tecnologia","8":"tag-ciencia","9":"tag-ciencia-e-tecnologia","10":"tag-cienciaetecnologia","11":"tag-portugal","12":"tag-pt","13":"tag-science","14":"tag-science-and-technology","15":"tag-scienceandtechnology","16":"tag-technology","17":"tag-tecnologia"},"share_on_mastodon":{"url":"https:\/\/pubeurope.com\/@pt\/115649336230923422","error":""},"_links":{"self":[{"href":"https:\/\/www.europesays.com\/pt\/wp-json\/wp\/v2\/posts\/172854","targetHints":{"allow":["GET"]}}],"collection":[{"href":"https:\/\/www.europesays.com\/pt\/wp-json\/wp\/v2\/posts"}],"about":[{"href":"https:\/\/www.europesays.com\/pt\/wp-json\/wp\/v2\/types\/post"}],"author":[{"embeddable":true,"href":"https:\/\/www.europesays.com\/pt\/wp-json\/wp\/v2\/users\/2"}],"replies":[{"embeddable":true,"href":"https:\/\/www.europesays.com\/pt\/wp-json\/wp\/v2\/comments?post=172854"}],"version-history":[{"count":0,"href":"https:\/\/www.europesays.com\/pt\/wp-json\/wp\/v2\/posts\/172854\/revisions"}],"wp:featuredmedia":[{"embeddable":true,"href":"https:\/\/www.europesays.com\/pt\/wp-json\/wp\/v2\/media\/172855"}],"wp:attachment":[{"href":"https:\/\/www.europesays.com\/pt\/wp-json\/wp\/v2\/media?parent=172854"}],"wp:term":[{"taxonomy":"category","embeddable":true,"href":"https:\/\/www.europesays.com\/pt\/wp-json\/wp\/v2\/categories?post=172854"},{"taxonomy":"post_tag","embeddable":true,"href":"https:\/\/www.europesays.com\/pt\/wp-json\/wp\/v2\/tags?post=172854"}],"curies":[{"name":"wp","href":"https:\/\/api.w.org\/{rel}","templated":true}]}}