{"id":172856,"date":"2025-12-02T09:47:08","date_gmt":"2025-12-02T09:47:08","guid":{"rendered":"https:\/\/www.europesays.com\/pt\/172856\/"},"modified":"2025-12-02T09:47:08","modified_gmt":"2025-12-02T09:47:08","slug":"empate-tecnico-nas-presidenciais-nas-honduras-trump-fala-em-manipulacao-america-latina","status":"publish","type":"post","link":"https:\/\/www.europesays.com\/pt\/172856\/","title":{"rendered":"Empate t\u00e9cnico nas presidenciais nas Honduras. Trump fala em manipula\u00e7\u00e3o | Am\u00e9rica Latina"},"content":{"rendered":"<p>Dois candidatos de direita, o empres\u00e1rio Nasry Asfura, <a href=\"https:\/\/www.publico.pt\/2025\/11\/30\/mundo\/noticia\/honduras-escolhem-novo-presidente-apos-intromissao-trump-campanha-eleitoral-2156436?ref=honduras&amp;cx=page__content\" rel=\"nofollow noopener\" target=\"_blank\">apoiado por Donald Trump<\/a>, e o apresentador de televis\u00e3o Salvador Nasralla est\u00e3o praticamente empatados, de acordo com resultados preliminares das presidenciais nas Honduras.<\/p>\n<p>Asfura, ex-autarca da capital, Tegucigalpa, de 67 anos, lidera a corrida contra Nasralla, de 72 anos, por apenas 515 votos, ap\u00f3s a contagem digital de 57% das urnas, anunciou a presidente do Conselho Nacional Eleitoral (CNE) hondurenho.<\/p>\n<p>Na segunda-feira, Ana Paola Hall reconheceu, na <a href=\"https:\/\/x.com\/APHall_CNE\/status\/1995573559402356938\" target=\"_blank\" rel=\"nofollow\">rede social X<\/a>, que esta estreita margem de vit\u00f3ria, considerando a margem de erro, constitui um \u201cempate t\u00e9cnico\u201d. A dirigente pediu paci\u00eancia aos eleitores e acrescentou que a recontagem manual dos votos, que j\u00e1 est\u00e1 em curso, pode demorar v\u00e1rios dias.<\/p>\n<p>        &#13;<\/p>\n<blockquote class=\"twitter-tweet\">\n<p lang=\"es\" dir=\"ltr\">Gracias al pueblo hondure\u00f1o por acudir a las urnas y ayudarnos a cuidar el proceso electoral. <\/p>\n<p>Hoy, un d\u00eda despu\u00e9s de las Elecciones despertamos en un pa\u00eds con paz, sin actos de violencia y eso es un triunfo para todos los que amamos Honduras.<\/p>\n<p>Quiero informarles que el TREP ha\u2026<\/p>\n<p>\u2014 Ana Paola Hall (@APHall_CNE) <a href=\"https:\/\/twitter.com\/APHall_CNE\/status\/1995573559402356938?ref_src=twsrc%5Etfw\" rel=\"nofollow noopener\" target=\"_blank\">December 1, 2025<\/a><\/p><\/blockquote>\n<p> &#13;<\/p>\n<p>Dos EUA, por\u00e9m, as reac\u00e7\u00f5es n\u00e3o revelam paci\u00eancia. O Presidente dos EUA acusou as autoridades das Honduras de tentarem manipular os resultados das presidenciais. \u201cParece que as Honduras est\u00e3o a tentar mudar o resultado das suas elei\u00e7\u00f5es presidenciais. Se o conseguirem, pagar\u00e3o um pre\u00e7o elevado!\u201d, escreveu Trump, sem apresentar qualquer prova.<\/p>\n<p>Numa mensagem publicada na segunda-feira, na rede social que det\u00e9m, a <a href=\"https:\/\/truthsocial.com\/@realDonaldTrump\/posts\/115647697688351327\" target=\"_blank\" rel=\"nofollow noopener\">Truth Social<\/a>, o l\u00edder republicano considerou imperativo que o Conselho Nacional Eleitoral (CNE) hondurenho termine a contagem dos votos.<\/p>\n<p>Candidatos certos da vit\u00f3ria<\/p>\n<p>\u201cOs n\u00fameros falar\u00e3o por si\u201d, disse Asfura, do conservador Partido Nacional, no comit\u00e9 de campanha. J\u00e1 Nasralla, do Partido Liberal, disse que, segundo projec\u00e7\u00f5es do movimento, lidera com cinco pontos percentuais de vantagem.<\/p>\n<p>Ambos fizeram campanha focados no receio de que manter a esquerda da actual Presidente <a href=\"https:\/\/www.publico.pt\/2022\/01\/27\/mundo\/noticia\/xiomara-castro-toma-posse-presidente-honduras-clima-crise-1993362?ref=honduras&amp;cx=page__content\" rel=\"nofollow noopener\" target=\"_blank\">Xiomara Castro<\/a> no poder levasse as Honduras a tornarem-se outra <a href=\"https:\/\/www.publico.pt\/2025\/11\/30\/mundo\/noticia\/escalada-militar-caraibas-empurra-crise-venezuelaeua-terreno-imprevisivel-2156288?ref=venezuela&amp;cx=page__content\" rel=\"nofollow noopener\" target=\"_blank\">Venezuela<\/a>, um pa\u00eds mergulhado numa profunda crise.<\/p>\n<p>Muito atr\u00e1s nos resultados parciais vinha a candidata presidencial de esquerda, Rixi Moncada, de 60 anos, apoiada pelo partido actualmente no poder nas Honduras.<\/p>\n<p>Moncada garantiu na segunda-feira que as elei\u00e7\u00f5es \u201cainda n\u00e3o est\u00e3o perdidas\u201d e acrescentou que n\u00e3o reconhecer\u00e1 nenhum como vencedor at\u00e9 que pelo menos 2859 actas de apuramento, que alega terem sido adulteradas, sejam revistas.<\/p>\n<p>No s\u00e1bado, Rixi Moncada acusou a Administra\u00e7\u00e3o dos Estados Unidos de \u201cactos de inger\u00eancia\u201d no processo das elei\u00e7\u00f5es.<\/p>\n<p>\u201cN\u00e3o h\u00e1 qualquer d\u00favida de que houve duas ac\u00e7\u00f5es \u2014 a tr\u00eas dias das elei\u00e7\u00f5es \u2014, que s\u00e3o totalmente intervencionistas\u201d, disse a candidata. Moncada fez refer\u00eancia ao an\u00fancio de Trump de que vai <a href=\"https:\/\/www.bbc.com\/news\/articles\/c1kpm0rvxepo\" target=\"_blank\" rel=\"nofollow noopener\">conceder um perd\u00e3o ao ex-Presidente hondurenho Juan Orlando Hernandez<\/a>, alegando que, \u201csegundo muitas pessoas\u201d que respeita imenso, Hernandez foi \u201ctratado de forma muito dura e injusta\u201d.<\/p>\n<p><a href=\"https:\/\/www.publico.pt\/2022\/03\/29\/mundo\/noticia\/supremo-tribunal-honduras-autoriza-extradicao-expresidente-hernandez-eua-2000525?ref=honduras&amp;cx=page__content\" rel=\"nofollow noopener\" target=\"_blank\">Hernandez foi condenado<\/a> em 2024 a 45 anos de pris\u00e3o por tr\u00e1fico de droga e crimes relacionadas com armas. <a href=\"https:\/\/www.publico.pt\/2024\/12\/26\/mundo\/noticia\/guatemala-disposta-acolher-migrantes-america-central-deportados-trump-2116918?ref=honduras&amp;cx=page__content\" rel=\"nofollow noopener\" target=\"_blank\">Trump<\/a> tamb\u00e9m manifestou apoio ao empres\u00e1rio Nasry Asfura.<\/p>\n<p>Se Asfura perder a elei\u00e7\u00e3o de domingo, afirmou Trump, \u201cos Estados Unidos n\u00e3o v\u00e3o desperdi\u00e7ar dinheiro, porque um l\u00edder errado s\u00f3 pode trazer resultados catastr\u00f3ficos para um pa\u00eds\u201d.<\/p>\n<p>Cerca de 6,5 milh\u00f5es de eleitores hondurenhos foram chamados \u00e0s urnas no domingo para escolher entre a continuidade de um governo de esquerda e o regresso da direita, numa atmosfera de elevada tens\u00e3o pol\u00edtica e de viol\u00eancia.<\/p>\n<p>Num pa\u00eds assolado pela pobreza, corrup\u00e7\u00e3o e viol\u00eancia, os eleitores das Honduras v\u00e3o eleger o pr\u00f3ximo Presidente, mas tamb\u00e9m os 128 membros do parlamento e centenas de presidentes de c\u00e2mara, entre outros cargos, para os pr\u00f3ximos quatro anos.<\/p>\n<p>        &#13;<br \/>\n            &#13;<\/p>\n<p>            <script async src=\"https:\/\/platform.twitter.com\/widgets.js\" charset=\"utf-8\"><\/script><\/p>\n","protected":false},"excerpt":{"rendered":"Dois candidatos de direita, o empres\u00e1rio Nasry Asfura, apoiado por Donald Trump, e o apresentador de televis\u00e3o Salvador&hellip;\n","protected":false},"author":2,"featured_media":172857,"comment_status":"","ping_status":"","sticky":false,"template":"","format":"standard","meta":{"footnotes":""},"categories":[50],"tags":[1028,27,28,92,2258,413,15,16,14,35984,25,26,21,22,62,12,13,19,20,23,24,17,18,29,30,31,63,64,65],"class_list":{"0":"post-172856","1":"post","2":"type-post","3":"status-publish","4":"format-standard","5":"has-post-thumbnail","7":"category-mundo","8":"tag-america-latina","9":"tag-breaking-news","10":"tag-breakingnews","11":"tag-donald-trump","12":"tag-eleicoes","13":"tag-eua","14":"tag-featured-news","15":"tag-featurednews","16":"tag-headlines","17":"tag-honduras","18":"tag-latest-news","19":"tag-latestnews","20":"tag-main-news","21":"tag-mainnews","22":"tag-mundo","23":"tag-news","24":"tag-noticias","25":"tag-noticias-principais","26":"tag-noticiasprincipais","27":"tag-principais-noticias","28":"tag-principaisnoticias","29":"tag-top-stories","30":"tag-topstories","31":"tag-ultimas","32":"tag-ultimas-noticias","33":"tag-ultimasnoticias","34":"tag-world","35":"tag-world-news","36":"tag-worldnews"},"share_on_mastodon":{"url":"https:\/\/pubeurope.com\/@pt\/115649343841681315","error":""},"_links":{"self":[{"href":"https:\/\/www.europesays.com\/pt\/wp-json\/wp\/v2\/posts\/172856","targetHints":{"allow":["GET"]}}],"collection":[{"href":"https:\/\/www.europesays.com\/pt\/wp-json\/wp\/v2\/posts"}],"about":[{"href":"https:\/\/www.europesays.com\/pt\/wp-json\/wp\/v2\/types\/post"}],"author":[{"embeddable":true,"href":"https:\/\/www.europesays.com\/pt\/wp-json\/wp\/v2\/users\/2"}],"replies":[{"embeddable":true,"href":"https:\/\/www.europesays.com\/pt\/wp-json\/wp\/v2\/comments?post=172856"}],"version-history":[{"count":0,"href":"https:\/\/www.europesays.com\/pt\/wp-json\/wp\/v2\/posts\/172856\/revisions"}],"wp:featuredmedia":[{"embeddable":true,"href":"https:\/\/www.europesays.com\/pt\/wp-json\/wp\/v2\/media\/172857"}],"wp:attachment":[{"href":"https:\/\/www.europesays.com\/pt\/wp-json\/wp\/v2\/media?parent=172856"}],"wp:term":[{"taxonomy":"category","embeddable":true,"href":"https:\/\/www.europesays.com\/pt\/wp-json\/wp\/v2\/categories?post=172856"},{"taxonomy":"post_tag","embeddable":true,"href":"https:\/\/www.europesays.com\/pt\/wp-json\/wp\/v2\/tags?post=172856"}],"curies":[{"name":"wp","href":"https:\/\/api.w.org\/{rel}","templated":true}]}}