{"id":172862,"date":"2025-12-02T09:59:08","date_gmt":"2025-12-02T09:59:08","guid":{"rendered":"https:\/\/www.europesays.com\/pt\/172862\/"},"modified":"2025-12-02T09:59:08","modified_gmt":"2025-12-02T09:59:08","slug":"samsung-lanca-celular-premium-de-10-com-tres-telas-em-alguns-dias","status":"publish","type":"post","link":"https:\/\/www.europesays.com\/pt\/172862\/","title":{"rendered":"Samsung lan\u00e7a celular premium de 10&#8243; com tr\u00eas telas em alguns dias &#8211;"},"content":{"rendered":"<p>O novo celular multidobr\u00e1vel da Samsung oferece uma tela de 10&#8243; e ser\u00e1 lan\u00e7ado em 12 de dezembro a um pre\u00e7o ainda desconhecido, em torno de 2.450 USD.<\/p>\n<p>&#8220;A busca incans\u00e1vel da Samsung por novas possibilidades continua a moldar o futuro das experi\u00eancias m\u00f3veis; por meio de anos de inova\u00e7\u00e3o em formatos dobr\u00e1veis, o Galaxy Z TriFold resolve um dos desafios mais antigos da ind\u00fastria m\u00f3vel \u2014 entregando o equil\u00edbrio perfeito entre portabilidade, desempenho premium e produtividade, tudo em um \u00fanico dispositivo. O Galaxy Z TriFold agora expande os limites do que \u00e9 poss\u00edvel para trabalho m\u00f3vel, criatividade e conex\u00e3o.&#8221;<br \/>&#8211; TM Roh, Diretor Executivo, Presidente e Chefe da Divis\u00e3o de Experi\u00eancia de Dispositivos (DX) na Samsung Electronics<\/p>\n<p>O celular vem com Snapdragon 8 Elite, c\u00e2mera principal de 200MP, bateria de 5,600 mAh dividida com uma c\u00e9lula em cada tela e carregamento de 45 Watts.<\/p>\n<p>Tem apenas 3,9mm de espessura no ponto mais fino, e possui carca\u00e7a de tit\u00e2nio para as dobradi\u00e7as de trilho duplo da tela, que possui uma camada de absor\u00e7\u00e3o de impactos e um painel traseiro de pol\u00edmero refor\u00e7ado com fibra de vidro cer\u00e2mica resistente a rachaduras.<\/p>\n<p>A placa de circuito \u00e9 escaneada por tomografia computadorizada durante a montagem para garantir que a integra\u00e7\u00e3o ocorreu corretamente antes de ser finalmente ligada ao telefone, e uma varredura a laser \u00e9 usada para detectar componentes montados na altura errada, impactando assim a tela.<\/p>\n<p>Totalmente desdobradas, voc\u00ea tem telas 3&#215;6,5&#8243; que funcionam como um \u00fanico 10&#8243; coerente de 120Hz, 1600 nits, Dynamic 2XAMOLED e at\u00e9 possui seu pr\u00f3prio Samsung DeX, e o tamanho maior da tela facilita o uso da IA do Galaxy, incluindo n\u00e3o alternar entre aplicativos, j\u00e1 que a IA \u00e9 multimodal, pode ser comunicada e, segundo a Samsung, entender\u00e1 suas perguntas contextuais. Quando fechado, o display da capa tem 2600 nits e fornece 422ppi.<\/p>\n<p>Em termos de c\u00e2mera, h\u00e1 12MP Ultra-wide, 200MP Wide com zoom \u00f3ptico 2x e zoom \u00f3ptico 3x para a teleobjetiva de 10MP, e as op\u00e7\u00f5es de armazenamento s\u00e3o limitadas a 512GB e 1TB, com ambos os modelos tendo 16GB de mem\u00f3ria. Ele vem em todas as cores, desde que voc\u00ea escolha preto.<\/p>\n<p><img loading=\"lazy\" decoding=\"async\" id=\"img-1516613-4745263\" data-fullsize=\"\/media\/52\/_4745263b.jpg\" data-lazy=\"\" src=\"https:\/\/www.gamereactor.pthttps:\/\/www.gamereactor.pt\/media\/52\/_4745263_650x.jpg\" width=\"650\" onclick=\"if (!window.__cfRLUnblockHandlers) return false; gallery_openmodal('1516613','4745263',false,'5031fe4276fb6a875ffaeaf2aff15db7');\" height=\"486\" alt=\"Samsung lan\u00e7a celular premium de 10&quot; com tr\u00eas telas em alguns dias\" class=\"rwd_col_content lazy\" data-cf-modified-2433cbcf788e5aecdf1cb4bb-=\"\"\/>Samaung<\/p>\n","protected":false},"excerpt":{"rendered":"O novo celular multidobr\u00e1vel da Samsung oferece uma tela de 10&#8243; e ser\u00e1 lan\u00e7ado em 12 de dezembro&hellip;\n","protected":false},"author":2,"featured_media":172863,"comment_status":"","ping_status":"","sticky":false,"template":"","format":"standard","meta":{"footnotes":""},"categories":[84],"tags":[109,107,108,32,33,105,103,104,106,110],"class_list":{"0":"post-172862","1":"post","2":"type-post","3":"status-publish","4":"format-standard","5":"has-post-thumbnail","7":"category-ciencia-e-tecnologia","8":"tag-ciencia","9":"tag-ciencia-e-tecnologia","10":"tag-cienciaetecnologia","11":"tag-portugal","12":"tag-pt","13":"tag-science","14":"tag-science-and-technology","15":"tag-scienceandtechnology","16":"tag-technology","17":"tag-tecnologia"},"share_on_mastodon":{"url":"https:\/\/pubeurope.com\/@pt\/115649391273438577","error":""},"_links":{"self":[{"href":"https:\/\/www.europesays.com\/pt\/wp-json\/wp\/v2\/posts\/172862","targetHints":{"allow":["GET"]}}],"collection":[{"href":"https:\/\/www.europesays.com\/pt\/wp-json\/wp\/v2\/posts"}],"about":[{"href":"https:\/\/www.europesays.com\/pt\/wp-json\/wp\/v2\/types\/post"}],"author":[{"embeddable":true,"href":"https:\/\/www.europesays.com\/pt\/wp-json\/wp\/v2\/users\/2"}],"replies":[{"embeddable":true,"href":"https:\/\/www.europesays.com\/pt\/wp-json\/wp\/v2\/comments?post=172862"}],"version-history":[{"count":0,"href":"https:\/\/www.europesays.com\/pt\/wp-json\/wp\/v2\/posts\/172862\/revisions"}],"wp:featuredmedia":[{"embeddable":true,"href":"https:\/\/www.europesays.com\/pt\/wp-json\/wp\/v2\/media\/172863"}],"wp:attachment":[{"href":"https:\/\/www.europesays.com\/pt\/wp-json\/wp\/v2\/media?parent=172862"}],"wp:term":[{"taxonomy":"category","embeddable":true,"href":"https:\/\/www.europesays.com\/pt\/wp-json\/wp\/v2\/categories?post=172862"},{"taxonomy":"post_tag","embeddable":true,"href":"https:\/\/www.europesays.com\/pt\/wp-json\/wp\/v2\/tags?post=172862"}],"curies":[{"name":"wp","href":"https:\/\/api.w.org\/{rel}","templated":true}]}}